{"id":335858,"date":"2024-09-04T00:00:39","date_gmt":"2024-09-04T03:00:39","guid":{"rendered":"https:\/\/www.notibras.com\/site\/?p=335858"},"modified":"2024-09-04T01:54:41","modified_gmt":"2024-09-04T04:54:41","slug":"servidor-publico-tera-ponto-facultativo-na-sexta-dia-6","status":"publish","type":"post","link":"https:\/\/www.notibras.com\/site\/servidor-publico-tera-ponto-facultativo-na-sexta-dia-6\/","title":{"rendered":"Servidor p\u00fablico ter\u00e1 ponto facultativo na sexta, dia 6"},"content":{"rendered":"<p>O governador Ibaneis Rocha determinou que a sexta-feira (6), v\u00e9spera do feriado de 7 de Setembro, ser\u00e1 ponto facultativo no \u00e2mbito da administra\u00e7\u00e3o p\u00fablica direta e indireta do Distrito Federal. A medida foi publicada em edi\u00e7\u00e3o extra do Di\u00e1rio Oficial de ter\u00e7a-feira (3).<\/p>\n<p>O ponto facultativo n\u00e3o se aplica \u00e0s \u00e1reas de sa\u00fade, seguran\u00e7a, vigil\u00e2ncia sanit\u00e1ria, fiscaliza\u00e7\u00e3o tribut\u00e1ria, comunica\u00e7\u00e3o, assist\u00eancia social, fiscaliza\u00e7\u00e3o de prote\u00e7\u00e3o urban\u00edstica, fiscaliza\u00e7\u00e3o do consumidor, de limpeza urbana, fiscaliza\u00e7\u00e3o de transporte e \u00e0 for\u00e7a-tarefa institu\u00edda pelo decreto n\u00ba 43.054\/2022, que dever\u00e3o seguir as instru\u00e7\u00f5es das respectivas chefias.<\/p>\n<p>A norma ainda estabelece que as unidades respons\u00e1veis por atendimentos essenciais aos cidad\u00e3os dever\u00e3o manter escalas de modo a garantir a presta\u00e7\u00e3o ininterrupta dos servi\u00e7os.<\/p>\n","protected":false},"excerpt":{"rendered":"<p>O governador Ibaneis Rocha determinou que a sexta-feira (6), v\u00e9spera do feriado de 7 de Setembro, ser\u00e1 ponto facultativo no \u00e2mbito da administra\u00e7\u00e3o p\u00fablica direta e indireta do Distrito Federal. A medida foi publicada em edi\u00e7\u00e3o extra do Di\u00e1rio Oficial de ter\u00e7a-feira (3). O ponto facultativo n\u00e3o se aplica \u00e0s \u00e1reas de sa\u00fade, seguran\u00e7a, vigil\u00e2ncia [&hellip;]<\/p>\n","protected":false},"author":2,"featured_media":162460,"comment_status":"closed","ping_status":"closed","sticky":false,"template":"","format":"standard","meta":{"_acf_changed":false,"footnotes":""},"categories":[161],"tags":[],"class_list":["post-335858","post","type-post","status-publish","format-standard","has-post-thumbnail","hentry","category-quadradinho-em-foco"],"acf":[],"_links":{"self":[{"href":"https:\/\/www.notibras.com\/site\/wp-json\/wp\/v2\/posts\/335858","targetHints":{"allow":["GET"]}}],"collection":[{"href":"https:\/\/www.notibras.com\/site\/wp-json\/wp\/v2\/posts"}],"about":[{"href":"https:\/\/www.notibras.com\/site\/wp-json\/wp\/v2\/types\/post"}],"author":[{"embeddable":true,"href":"https:\/\/www.notibras.com\/site\/wp-json\/wp\/v2\/users\/2"}],"replies":[{"embeddable":true,"href":"https:\/\/www.notibras.com\/site\/wp-json\/wp\/v2\/comments?post=335858"}],"version-history":[{"count":1,"href":"https:\/\/www.notibras.com\/site\/wp-json\/wp\/v2\/posts\/335858\/revisions"}],"predecessor-version":[{"id":335859,"href":"https:\/\/www.notibras.com\/site\/wp-json\/wp\/v2\/posts\/335858\/revisions\/335859"}],"wp:featuredmedia":[{"embeddable":true,"href":"https:\/\/www.notibras.com\/site\/wp-json\/wp\/v2\/media\/162460"}],"wp:attachment":[{"href":"https:\/\/www.notibras.com\/site\/wp-json\/wp\/v2\/media?parent=335858"}],"wp:term":[{"taxonomy":"category","embeddable":true,"href":"https:\/\/www.notibras.com\/site\/wp-json\/wp\/v2\/categories?post=335858"},{"taxonomy":"post_tag","embeddable":true,"href":"https:\/\/www.notibras.com\/site\/wp-json\/wp\/v2\/tags?post=335858"}],"curies":[{"name":"wp","href":"https:\/\/api.w.org\/{rel}","templated":true}]}}