{"id":335870,"date":"2024-09-04T00:00:30","date_gmt":"2024-09-04T03:00:30","guid":{"rendered":"https:\/\/www.notibras.com\/site\/?p=335870"},"modified":"2024-09-04T10:02:43","modified_gmt":"2024-09-04T13:02:43","slug":"wilson-santiago-recebe-o-titulo-de-cidadao-pessoense","status":"publish","type":"post","link":"https:\/\/www.notibras.com\/site\/wilson-santiago-recebe-o-titulo-de-cidadao-pessoense\/","title":{"rendered":"Wilson Santiago recebe o T\u00edtulo de Cidad\u00e3o Pessoense"},"content":{"rendered":"<p>A C\u00e2mara Municipal de Jo\u00e3o Pessoa promoveu em sess\u00e3o solene a entrega do T\u00edtulo de Cidad\u00e3o Pessoense ao deputado federal Wilson Santiago (Republicanos). A solenidade reuniu familiares, amigos e correligion\u00e1rios do homenageado e foi proposta pelo vereador Marc\u00edlio do HBE (Republicanos).<\/p>\n<p>Wilson Filho, secret\u00e1rio de Educa\u00e7\u00e3o da Para\u00edba e filho do homenageado, agradeceu a lembran\u00e7a de ser convidado para participar da homenagem ao pai. &#8220;Ele nunca teve vergonha de ir pelo caminho certo, pelo esfor\u00e7o e dedica\u00e7\u00e3o, e s\u00e3o esses os ensinamentos que eu tento passar para minha filha: que o trabalho compensa, que o estudo \u00e9 o caminho e que se hoje o dia n\u00e3o foi bom, amanh\u00e3 a gente tem que trabalhar para que o dia seja melhor. Ele merece esse T\u00edtulo de Cidad\u00e3o de Jo\u00e3o Pessoa. Parab\u00e9ns!&#8221;, afirmou.<\/p>\n<p>Luiz J\u00fanior, secret\u00e1rio executivo de Turismo de Jo\u00e3o Pessoa, disse que a cidade ganha muito por ter um pessoense da envergadura de Wilson Santiago. &#8220;Um homem que veio l\u00e1 de Uira\u00fana para a capital, estudou e fez morada. Ele tamb\u00e9m \u00e9 um homem do Brasil. Muito obrigado por tudo que fez pela Para\u00edba e por Jo\u00e3o Pessoa&#8221;, acrescentou.<\/p>\n<p>O homenageado, nascido em Uira\u00fana, agradeceu a entrega da honraria e destacou a sua trajet\u00f3ria de vida. &#8220;Quando cheguei a Jo\u00e3o Pessoa, aos 17 anos, carregava o sonho de vencer na vida, atrav\u00e9s da educa\u00e7\u00e3o. Olhando para tr\u00e1s, n\u00e3o imaginaria que hoje estaria aqui nesse plen\u00e1rio recebendo esse reconhecimento de todos, uma honra imensur\u00e1vel. Este T\u00edtulo de Cidad\u00e3o Pessoense refor\u00e7a ainda mais meu compromisso com a Capital. Continuarei trabalhando com dedica\u00e7\u00e3o e empenho para que Jo\u00e3o Pessoa possa crescer e prosperar cada vez mais, sempre colocando os interesses da popula\u00e7\u00e3o como prioridade. Muito obrigado a todos voc\u00eas. Vamos em frente e at\u00e9 a pr\u00f3xima!&#8221; finalizou.<\/p>\n","protected":false},"excerpt":{"rendered":"<p>A C\u00e2mara Municipal de Jo\u00e3o Pessoa promoveu em sess\u00e3o solene a entrega do T\u00edtulo de Cidad\u00e3o Pessoense ao deputado federal Wilson Santiago (Republicanos). A solenidade reuniu familiares, amigos e correligion\u00e1rios do homenageado e foi proposta pelo vereador Marc\u00edlio do HBE (Republicanos). Wilson Filho, secret\u00e1rio de Educa\u00e7\u00e3o da Para\u00edba e filho do homenageado, agradeceu a lembran\u00e7a [&hellip;]<\/p>\n","protected":false},"author":2,"featured_media":335871,"comment_status":"closed","ping_status":"closed","sticky":false,"template":"","format":"standard","meta":{"_acf_changed":false,"footnotes":""},"categories":[165],"tags":[],"class_list":["post-335870","post","type-post","status-publish","format-standard","has-post-thumbnail","hentry","category-nordeste"],"acf":[],"_links":{"self":[{"href":"https:\/\/www.notibras.com\/site\/wp-json\/wp\/v2\/posts\/335870","targetHints":{"allow":["GET"]}}],"collection":[{"href":"https:\/\/www.notibras.com\/site\/wp-json\/wp\/v2\/posts"}],"about":[{"href":"https:\/\/www.notibras.com\/site\/wp-json\/wp\/v2\/types\/post"}],"author":[{"embeddable":true,"href":"https:\/\/www.notibras.com\/site\/wp-json\/wp\/v2\/users\/2"}],"replies":[{"embeddable":true,"href":"https:\/\/www.notibras.com\/site\/wp-json\/wp\/v2\/comments?post=335870"}],"version-history":[{"count":1,"href":"https:\/\/www.notibras.com\/site\/wp-json\/wp\/v2\/posts\/335870\/revisions"}],"predecessor-version":[{"id":335872,"href":"https:\/\/www.notibras.com\/site\/wp-json\/wp\/v2\/posts\/335870\/revisions\/335872"}],"wp:featuredmedia":[{"embeddable":true,"href":"https:\/\/www.notibras.com\/site\/wp-json\/wp\/v2\/media\/335871"}],"wp:attachment":[{"href":"https:\/\/www.notibras.com\/site\/wp-json\/wp\/v2\/media?parent=335870"}],"wp:term":[{"taxonomy":"category","embeddable":true,"href":"https:\/\/www.notibras.com\/site\/wp-json\/wp\/v2\/categories?post=335870"},{"taxonomy":"post_tag","embeddable":true,"href":"https:\/\/www.notibras.com\/site\/wp-json\/wp\/v2\/tags?post=335870"}],"curies":[{"name":"wp","href":"https:\/\/api.w.org\/{rel}","templated":true}]}}