{"id":335877,"date":"2024-09-04T00:20:25","date_gmt":"2024-09-04T03:20:25","guid":{"rendered":"https:\/\/www.notibras.com\/site\/?p=335877"},"modified":"2024-09-04T10:25:13","modified_gmt":"2024-09-04T13:25:13","slug":"efeito-midiatico-paulistano-deixa-lula-atras-em-capitais-nordestinas","status":"publish","type":"post","link":"https:\/\/www.notibras.com\/site\/efeito-midiatico-paulistano-deixa-lula-atras-em-capitais-nordestinas\/","title":{"rendered":"Efeito midi\u00e1tico paulistano deixa Lula atr\u00e1s em capitais nordestinas"},"content":{"rendered":"<p>Da esquerda \u00e0 direita, as an\u00e1lises semanais deram visibilidade a Pablo Mar\u00e7al (PRTB), o outsider candidato \u00e0 prefeitura de S\u00e3o Paulo. O que, em si, j\u00e1 \u00e9 uma vit\u00f3ria para quem adota a velha estrat\u00e9gia do ?falem bem, falem mal, mas falem de mim?. Mas ignorar o problema tamb\u00e9m n\u00e3o iria resolv\u00ea-lo, o que s\u00f3 prova que os esfor\u00e7os do TSE e do STF para evitar o vale-tudo em \u00e9poca de elei\u00e7\u00f5es foram insuficientes, como demonstra o enorme sucesso do candidato nas redes, superando inclusive o fen\u00f4meno Bolsonaro em 2018.<\/p>\n<p>Agora, as opini\u00f5es se dividem entre os que defendem que o coach deve ser tratado como um criminoso e expurgado do processo eleitoral e os que acham que ele precisa ser vencido no campo da pol\u00edtica. Seja como for, Mar\u00e7al se tornou pe\u00e7a-chave tamb\u00e9m na estrat\u00e9gia eleitoral de seus advers\u00e1rios. A discuss\u00e3o passa por responder se ele seria ou n\u00e3o compat\u00edvel com o bolsonarismo, tendo em vista as insatisfa\u00e7\u00f5es demonstradas por Bolsonaro e sua famil\u00edcia, ou se a direita neopentescostal e verde-amarela estaria perdendo espa\u00e7o por sua vers\u00e3o puro suco de capitalismo selvagem.<\/p>\n<p>A verdade \u00e9 que a candidatura de Mar\u00e7al tamb\u00e9m \u00e9 uma demonstra\u00e7\u00e3o de que a extrema-direita cresceu e frutificou. E, apesar do capit\u00e3o estar se fazendo de dif\u00edcil para ter a m\u00e3o beijada antes de entregar o que tem de mais valioso, sua base eleitoral, a aproxima\u00e7\u00e3o de Carluxo indica que uma alian\u00e7a pode estar a caminho. Por outro lado, a perman\u00eancia do coach no p\u00e1reo beneficiaria Guilherme Boulos (PSol) porque obriga Ricardo Nunes (MDB) a ir mais para a direita, polarizando o cen\u00e1rio pol\u00edtico, avalia Maria Cristina Fernandes.<\/p>\n<p>Convenhamos tamb\u00e9m que o cen\u00e1rio se explica pela not\u00f3ria incapacidade de Nunes decolar nas pesquisas mesmo com toda m\u00e1quina administrativa nas m\u00e3os. Seja como for, as elei\u00e7\u00f5es paulistanas evidenciam que a direita est\u00e1 demonstrando maior capacidade de renova\u00e7\u00e3o que a esquerda, al\u00e9m de vencer novamente o debate p\u00fablico e midi\u00e1tico. O que contrasta com o fraco desempenho do PT nas pesquisas eleitorais da regi\u00e3o onde Lula teve maioria em 2022 &#8211; o Nordeste &#8211; saindo atr\u00e1s em Fortaleza, Aracaju, Teresina e Natal.<\/p>\n","protected":false},"excerpt":{"rendered":"<p>Da esquerda \u00e0 direita, as an\u00e1lises semanais deram visibilidade a Pablo Mar\u00e7al (PRTB), o outsider candidato \u00e0 prefeitura de S\u00e3o Paulo. O que, em si, j\u00e1 \u00e9 uma vit\u00f3ria para quem adota a velha estrat\u00e9gia do ?falem bem, falem mal, mas falem de mim?. Mas ignorar o problema tamb\u00e9m n\u00e3o iria resolv\u00ea-lo, o que s\u00f3 [&hellip;]<\/p>\n","protected":false},"author":2,"featured_media":333523,"comment_status":"closed","ping_status":"closed","sticky":false,"template":"","format":"standard","meta":{"_acf_changed":false,"footnotes":""},"categories":[165],"tags":[],"class_list":["post-335877","post","type-post","status-publish","format-standard","has-post-thumbnail","hentry","category-nordeste"],"acf":[],"_links":{"self":[{"href":"https:\/\/www.notibras.com\/site\/wp-json\/wp\/v2\/posts\/335877","targetHints":{"allow":["GET"]}}],"collection":[{"href":"https:\/\/www.notibras.com\/site\/wp-json\/wp\/v2\/posts"}],"about":[{"href":"https:\/\/www.notibras.com\/site\/wp-json\/wp\/v2\/types\/post"}],"author":[{"embeddable":true,"href":"https:\/\/www.notibras.com\/site\/wp-json\/wp\/v2\/users\/2"}],"replies":[{"embeddable":true,"href":"https:\/\/www.notibras.com\/site\/wp-json\/wp\/v2\/comments?post=335877"}],"version-history":[{"count":2,"href":"https:\/\/www.notibras.com\/site\/wp-json\/wp\/v2\/posts\/335877\/revisions"}],"predecessor-version":[{"id":335879,"href":"https:\/\/www.notibras.com\/site\/wp-json\/wp\/v2\/posts\/335877\/revisions\/335879"}],"wp:featuredmedia":[{"embeddable":true,"href":"https:\/\/www.notibras.com\/site\/wp-json\/wp\/v2\/media\/333523"}],"wp:attachment":[{"href":"https:\/\/www.notibras.com\/site\/wp-json\/wp\/v2\/media?parent=335877"}],"wp:term":[{"taxonomy":"category","embeddable":true,"href":"https:\/\/www.notibras.com\/site\/wp-json\/wp\/v2\/categories?post=335877"},{"taxonomy":"post_tag","embeddable":true,"href":"https:\/\/www.notibras.com\/site\/wp-json\/wp\/v2\/tags?post=335877"}],"curies":[{"name":"wp","href":"https:\/\/api.w.org\/{rel}","templated":true}]}}