{"id":335902,"date":"2024-09-04T16:48:56","date_gmt":"2024-09-04T19:48:56","guid":{"rendered":"https:\/\/www.notibras.com\/site\/?p=335902"},"modified":"2024-09-04T16:48:56","modified_gmt":"2024-09-04T19:48:56","slug":"notibras-reforca-sucursal-com-experiente-reporter","status":"publish","type":"post","link":"https:\/\/www.notibras.com\/site\/notibras-reforca-sucursal-com-experiente-reporter\/","title":{"rendered":"Notibras refor\u00e7a sucursal com experiente rep\u00f3rter"},"content":{"rendered":"<p><em>Estad\u00e3o<\/em>, revistas <em>Veja<\/em> e <em>Exame<\/em>, aposentadoria. E agora a volta aos teclados. Geraldo Seabra (Filho), um jornalista setent\u00e3o, \u00e9 uma figura que carrega sem esfor\u00e7o o peso da idade, leve como uma heran\u00e7a de muitos valores. O retorno se d\u00e1 para refor\u00e7ar a equipe da <strong>Sucursal Nordeste de Notibras.<\/strong> A decis\u00e3o foi tomada ap\u00f3s uma r\u00e1pida conversa com a primeira-irm\u00e3 Bet\u00e2nia Pereira Seabra e Seabra, esposa do m\u00e9dico, tamb\u00e9m Seabra, Marcos.<\/p>\n<p>&#8211; Enfrenta mais esse desafio, mano. Voc\u00ea ainda tem muito o que escrever, disse Bet\u00e2nia. Foi o suficiente para convencer Geraldo a arrega\u00e7ar as mangas e, mesmo que de sua rede na varanda de casa, ligue o Notebook, ou\u00e7a suas fontes e leve ao mundo as verdades de que o pr\u00f3prio mundo precisa.<\/p>\n<p>Filho de Geraldo Seabra, um renomado jornalista em Pernambuco, Rio e Bras\u00edlia, Geraldo, irm\u00e3o de Jos\u00e9 Seabra, fundador de <strong>Notibras<\/strong>, cresceu em meio a prensas e reda\u00e7\u00f5es, onde o cheiro de tinta fresca e o som das teclas das m\u00e1quinas de escrever compunham a trilha sonora de sua inf\u00e2ncia.<\/p>\n<p>Desde cedo, Geraldo aprendeu que o jornalismo \u00e9 mais do que uma profiss\u00e3o; \u00e9 um compromisso com a verdade e a justi\u00e7a. Seu pai, conhecido por sua integridade e \u00e9tica inabal\u00e1veis, sempre lhe ensinou que o respeito aos fatos era a base de qualquer boa reportagem. E foi assim que, entre uma hist\u00f3ria e outra, o jovem Geraldo foi moldando seu car\u00e1ter e desenvolvendo uma paix\u00e3o profunda pela profiss\u00e3o.<\/p>\n<p>Os anos passaram, e Geraldo Seabra Filho seguiu os passos do pai, enfrentando desafios em um cen\u00e1rio midi\u00e1tico em constante transforma\u00e7\u00e3o. Se na \u00e9poca de seu pai a not\u00edcia chegava aos leitores pelo jornal impresso, hoje, Geraldo lida com o turbilh\u00e3o da era digital, onde a velocidade da informa\u00e7\u00e3o muitas vezes amea\u00e7a a precis\u00e3o. Mesmo assim, ele nunca abriu m\u00e3o dos princ\u00edpios que aprendeu em casa.<\/p>\n<p>Em uma \u00e9poca em que o sensacionalismo parece seduzir muitos profissionais da imprensa, Geraldo Seabra se destaca por manter a \u00e9tica como sua b\u00fassola. Ele acredita que, independentemente da plataforma, a ess\u00eancia do jornalismo permanece a mesma: a busca incans\u00e1vel pela verdade. N\u00e3o raro, ele se v\u00ea em dilemas \u00e9ticos, onde \u00e9 tentador ceder \u00e0 press\u00e3o por cliques e curtidas. Mas \u00e9 nesses momentos que a voz de seu pai ressoa mais forte, lembrando-o da import\u00e2ncia de honrar a profiss\u00e3o.<\/p>\n<p>Aos 70 anos, Geraldo ainda mant\u00e9m o mesmo brilho nos olhos quando fala sobre jornalismo. Sua experi\u00eancia \u00e9 vasta, suas hist\u00f3rias s\u00e3o muitas, e seu legado, indiscut\u00edvel. Ele sabe que, um dia, deixar\u00e1 o bast\u00e3o para a pr\u00f3xima gera\u00e7\u00e3o, mas tem a certeza de que o que herdou de seu pai continuar\u00e1 vivo. A \u00e9tica, afinal, \u00e9 o alicerce sobre o qual construiu sua carreira e a mensagem mais valiosa que pretende deixar para o futuro.<\/p>\n<p>Quem conhece Geraldo Seabra Filho sabe que ele \u00e9 mais do que um jornalista; \u00e9 um guardi\u00e3o dos valores que fazem do jornalismo uma ferramenta essencial para a sociedade. Em cada palavra escrita, em cada hist\u00f3ria contada, ele honra a mem\u00f3ria de seu pai, sabendo que, enquanto a verdade for sua companheira, seu trabalho ser\u00e1 sempre digno. E quem ganha com essa conquista, s\u00e3o os leitores de <strong>Notibras<\/strong>.<\/p>\n<p><strong>*Wenceslau Ara\u00fajo \u00e9 Editor-Chefe de <em>Notibras<\/em><\/strong>.<\/p>\n","protected":false},"excerpt":{"rendered":"<p>Estad\u00e3o, revistas Veja e Exame, aposentadoria. E agora a volta aos teclados. Geraldo Seabra (Filho), um jornalista setent\u00e3o, \u00e9 uma figura que carrega sem esfor\u00e7o o peso da idade, leve como uma heran\u00e7a de muitos valores. O retorno se d\u00e1 para refor\u00e7ar a equipe da Sucursal Nordeste de Notibras. A decis\u00e3o foi tomada ap\u00f3s uma [&hellip;]<\/p>\n","protected":false},"author":2,"featured_media":335903,"comment_status":"closed","ping_status":"closed","sticky":false,"template":"","format":"standard","meta":{"_acf_changed":false,"footnotes":""},"categories":[165],"tags":[],"class_list":["post-335902","post","type-post","status-publish","format-standard","has-post-thumbnail","hentry","category-nordeste"],"acf":[],"_links":{"self":[{"href":"https:\/\/www.notibras.com\/site\/wp-json\/wp\/v2\/posts\/335902","targetHints":{"allow":["GET"]}}],"collection":[{"href":"https:\/\/www.notibras.com\/site\/wp-json\/wp\/v2\/posts"}],"about":[{"href":"https:\/\/www.notibras.com\/site\/wp-json\/wp\/v2\/types\/post"}],"author":[{"embeddable":true,"href":"https:\/\/www.notibras.com\/site\/wp-json\/wp\/v2\/users\/2"}],"replies":[{"embeddable":true,"href":"https:\/\/www.notibras.com\/site\/wp-json\/wp\/v2\/comments?post=335902"}],"version-history":[{"count":1,"href":"https:\/\/www.notibras.com\/site\/wp-json\/wp\/v2\/posts\/335902\/revisions"}],"predecessor-version":[{"id":335904,"href":"https:\/\/www.notibras.com\/site\/wp-json\/wp\/v2\/posts\/335902\/revisions\/335904"}],"wp:featuredmedia":[{"embeddable":true,"href":"https:\/\/www.notibras.com\/site\/wp-json\/wp\/v2\/media\/335903"}],"wp:attachment":[{"href":"https:\/\/www.notibras.com\/site\/wp-json\/wp\/v2\/media?parent=335902"}],"wp:term":[{"taxonomy":"category","embeddable":true,"href":"https:\/\/www.notibras.com\/site\/wp-json\/wp\/v2\/categories?post=335902"},{"taxonomy":"post_tag","embeddable":true,"href":"https:\/\/www.notibras.com\/site\/wp-json\/wp\/v2\/tags?post=335902"}],"curies":[{"name":"wp","href":"https:\/\/api.w.org\/{rel}","templated":true}]}}