{"id":335911,"date":"2024-09-05T00:03:23","date_gmt":"2024-09-05T03:03:23","guid":{"rendered":"https:\/\/www.notibras.com\/site\/?p=335911"},"modified":"2024-09-05T02:07:29","modified_gmt":"2024-09-05T05:07:29","slug":"circuito-arte-e-cidade-apresenta-aventura-nos-tres-poderes","status":"publish","type":"post","link":"https:\/\/www.notibras.com\/site\/circuito-arte-e-cidade-apresenta-aventura-nos-tres-poderes\/","title":{"rendered":"Circuito Arte e Cidade apresenta Aventura nos Tr\u00eas Poderes"},"content":{"rendered":"<p>O Circuito Arte e Cidade promove a educa\u00e7\u00e3o patrimonial e estimula a conex\u00e3o entre Bras\u00edlia e o p\u00fablico por meio de visitas teatralizadas imersivas e sensoriais pelas depend\u00eancias e \u00e1reas externas do Centro Cultural Tr\u00eas Poderes, composto pelo Pante\u00e3o da P\u00e1tria e da Liberdade, Espa\u00e7o L\u00facio Costa e Museu da Cidade. Realizado pelo Coletivo Entrevazios, a nova edi\u00e7\u00e3o: Cidade Espet\u00e1culo &#8211; Aventura nos Tr\u00eas Poderes acontece de 17 setembro at\u00e9 01 de novembro, com sess\u00f5es ter\u00e7a e quinta-feira, \u00e0s 14h30. E quarta e sexta-feira, \u00e0s 9h30.<\/p>\n<p>&#8220;Cidade Espet\u00e1culo abre um espa\u00e7o de inven\u00e7\u00e3o e ludicidade em um dos lugares mais importantes da capital. Uma pra\u00e7a que \u00e9 cen\u00e1rio de eventos solenes como posses presidenciais e atos pol\u00edticos, agora ganha uma atmosfera l\u00fadica e inventiva com a presen\u00e7a de tr\u00eas atores-mediadores que conduzir\u00e3o as crian\u00e7as para descobrirem segredos e curiosidades sobre o cora\u00e7\u00e3o da cidade&#8221;, explica Lu\u00eania Guedes, coordenadora pedag\u00f3gica do projeto.<\/p>\n<p>Em parceria com a Todo P\u00fablico \u2013 iniciativa que promove a inclus\u00e3o e a diversidade por meio de experi\u00eancias com arte e educa\u00e7\u00e3o \u2013 as visitas ser\u00e3o inspiradas na metodologia do drama como m\u00e9todo de ensino e ainda compostas por jogos de intera\u00e7\u00e3o, conta\u00e7\u00e3o de hist\u00f3rias e outras ferramentas para sensibilizar e incluir os estudantes nos espa\u00e7os de cultura da cidade. Dessa forma, os participantes s\u00e3o incentivados a interagir com a cidade e provocados a vivenciar as hist\u00f3rias, os lugares e os conte\u00fados dos acervos do centro cultural.<\/p>\n<p>A equipe de artistas-mediadores \u00e9 multidisciplinar, al\u00e9m de atores, os mediadores t\u00eam experi\u00eancia com media\u00e7\u00e3o cultural, pr\u00e1ticas art\u00edsticas, artes visuais, restauro, hist\u00f3ria e palha\u00e7aria. Com um time multidisciplinar e sob a coordena\u00e7\u00e3o art\u00edstica da multiartista e pesquisadora Maysa Carvalho, o projeto promete uma experi\u00eancia po\u00e9tica e imersiva, unindo as potencialidades das artes e da educa\u00e7\u00e3o.<\/p>\n<p>As visitas s\u00e3o destinadas \u00e0s escolas classes e institui\u00e7\u00f5es p\u00fablicas que atendem crian\u00e7as entre 6 a 10 anos do Distrito Federal. E tamb\u00e9m ser\u00e3o abertas ao p\u00fablico em geral, inclusive turistas, com o limite de 10 pessoas, al\u00e9m do grupo agendado, por sess\u00e3o. Para o m\u00eas das crian\u00e7as, celebrado em outubro, o projeto oferecer\u00e1 4 sess\u00f5es abertas ao p\u00fablico de todas as idades, que acontecer\u00e3o nos dias 05 e 12 de outubro \u00e0s 10h e \u00e0s 16h. Para participar, basta chegar e aproveitar.<\/p>\n","protected":false},"excerpt":{"rendered":"<p>O Circuito Arte e Cidade promove a educa\u00e7\u00e3o patrimonial e estimula a conex\u00e3o entre Bras\u00edlia e o p\u00fablico por meio de visitas teatralizadas imersivas e sensoriais pelas depend\u00eancias e \u00e1reas externas do Centro Cultural Tr\u00eas Poderes, composto pelo Pante\u00e3o da P\u00e1tria e da Liberdade, Espa\u00e7o L\u00facio Costa e Museu da Cidade. Realizado pelo Coletivo Entrevazios, [&hellip;]<\/p>\n","protected":false},"author":2,"featured_media":335912,"comment_status":"closed","ping_status":"closed","sticky":false,"template":"","format":"standard","meta":{"_acf_changed":false,"footnotes":""},"categories":[161],"tags":[],"class_list":["post-335911","post","type-post","status-publish","format-standard","has-post-thumbnail","hentry","category-quadradinho-em-foco"],"acf":[],"_links":{"self":[{"href":"https:\/\/www.notibras.com\/site\/wp-json\/wp\/v2\/posts\/335911","targetHints":{"allow":["GET"]}}],"collection":[{"href":"https:\/\/www.notibras.com\/site\/wp-json\/wp\/v2\/posts"}],"about":[{"href":"https:\/\/www.notibras.com\/site\/wp-json\/wp\/v2\/types\/post"}],"author":[{"embeddable":true,"href":"https:\/\/www.notibras.com\/site\/wp-json\/wp\/v2\/users\/2"}],"replies":[{"embeddable":true,"href":"https:\/\/www.notibras.com\/site\/wp-json\/wp\/v2\/comments?post=335911"}],"version-history":[{"count":1,"href":"https:\/\/www.notibras.com\/site\/wp-json\/wp\/v2\/posts\/335911\/revisions"}],"predecessor-version":[{"id":335913,"href":"https:\/\/www.notibras.com\/site\/wp-json\/wp\/v2\/posts\/335911\/revisions\/335913"}],"wp:featuredmedia":[{"embeddable":true,"href":"https:\/\/www.notibras.com\/site\/wp-json\/wp\/v2\/media\/335912"}],"wp:attachment":[{"href":"https:\/\/www.notibras.com\/site\/wp-json\/wp\/v2\/media?parent=335911"}],"wp:term":[{"taxonomy":"category","embeddable":true,"href":"https:\/\/www.notibras.com\/site\/wp-json\/wp\/v2\/categories?post=335911"},{"taxonomy":"post_tag","embeddable":true,"href":"https:\/\/www.notibras.com\/site\/wp-json\/wp\/v2\/tags?post=335911"}],"curies":[{"name":"wp","href":"https:\/\/api.w.org\/{rel}","templated":true}]}}