{"id":335916,"date":"2024-09-05T00:15:22","date_gmt":"2024-09-05T03:15:22","guid":{"rendered":"https:\/\/www.notibras.com\/site\/?p=335916"},"modified":"2024-09-05T02:23:23","modified_gmt":"2024-09-05T05:23:23","slug":"nova-unidade-do-hospital-veterinario-entra-na-mira-do-tribunal-de-contas","status":"publish","type":"post","link":"https:\/\/www.notibras.com\/site\/nova-unidade-do-hospital-veterinario-entra-na-mira-do-tribunal-de-contas\/","title":{"rendered":"Nova unidade do Hospital Veterin\u00e1rio entra na mira do Tribunal de Contas"},"content":{"rendered":"<p>O Tribunal de Contas do Distrito Federal autorizou uma inspe\u00e7\u00e3o para verificar ind\u00edcios de irregularidades na constru\u00e7\u00e3o da segunda unidade do Hospital Veterin\u00e1rio P\u00fablico do DF (HVEP\/DF) e na gest\u00e3o do empreendimento pela Associa\u00e7\u00e3o dos Cl\u00ednicos Veterin\u00e1rios de Pequenos Animais (Anclivepa\/SP). A fiscaliza\u00e7\u00e3o ter\u00e1 como foco a atua\u00e7\u00e3o do Instituto Bras\u00edlia Ambiental e da Secretaria do Meio Ambiente e Prote\u00e7\u00e3o Animal.<\/p>\n<p>Um relat\u00f3rio da Controladoria-Geral do DF (CGDF), analisado pelo TCDF, aponta que a obra de constru\u00e7\u00e3o da segunda unidade do HVEP deveria ter sido entregue at\u00e9 29 de maio de 2022. Entretanto, o atendimento foi iniciado tr\u00eas meses depois, em 5 de setembro, com a obra incompleta, prejudicando a presta\u00e7\u00e3o dos servi\u00e7os.<\/p>\n<p>O relat\u00f3rio tamb\u00e9m indica que o estudo preliminar para constru\u00e7\u00e3o da segunda unidade foi insuficiente e que o Ibram n\u00e3o avaliou os riscos do projeto. Em vez de realizar licita\u00e7\u00e3o p\u00fablica para a obra, o instituto fez um Chamamento P\u00fablico, para firmar uma parceria sem licita\u00e7\u00e3o, com base no Marco Regulat\u00f3rio das Organiza\u00e7\u00f5es da Sociedade Civil \u2013 MROSC (Lei Federal n\u00ba 13.019\/2014). A Anclivepa\/SP, que j\u00e1 fazia a gest\u00e3o da primeira unidade do hospital desde 2018, foi a \u00fanica proponente do chamamento. O Ibram, ent\u00e3o, renovou a parceria com a associa\u00e7\u00e3o prevendo a constru\u00e7\u00e3o do segundo m\u00f3dulo.<\/p>\n<p>O documento tamb\u00e9m indica que a Anclivepa\/SP n\u00e3o tinha experi\u00eancia comprovada na execu\u00e7\u00e3o ou acompanhamento de obras ou servi\u00e7os de engenharia. Al\u00e9m disso, quase todos os recursos foram antecipados, sem a entrega das etapas correspondentes da constru\u00e7\u00e3o.<\/p>\n<p>Na avalia\u00e7\u00e3o do Tribunal de Contas, a obra deveria ter sido licitada para contratar uma empresa especializada. A contrata\u00e7\u00e3o sem licita\u00e7\u00e3o s\u00f3 poderia incluir adapta\u00e7\u00f5es de espa\u00e7o f\u00edsico, ou seja, adequa\u00e7\u00f5es do im\u00f3vel \u00e0s necessidades do servi\u00e7o. No entanto, os recursos foram usados para contratar terceiros que demoliram uma constru\u00e7\u00e3o e ergueram uma nova, desde as funda\u00e7\u00f5es.<\/p>\n<p>O TCDF tamb\u00e9m identificou irregularidades na gest\u00e3o do hospital, como superfaturamento de despesas de pessoal e gastos com servi\u00e7os n\u00e3o previstos ou realizados antes da celebra\u00e7\u00e3o dos termos de parceria. A Corte tamb\u00e9m investiga a falta de registro das receitas de aplica\u00e7\u00e3o financeira e a falta de presta\u00e7\u00e3o de contas dos recursos financeiros excedentes.<\/p>\n<p>As explica\u00e7\u00f5es do Ibram e da Secretaria do Meio Ambiente e Prote\u00e7\u00e3o Animal at\u00e9 o momento n\u00e3o foram suficientes para afastar os ind\u00edcios de irregularidade. Por isso, no dia 28 de agosto, o Plen\u00e1rio do TCDF autorizou uma inspe\u00e7\u00e3o nos Termos de Parceria n\u00ba 1\/2018 e n\u00ba 1\/2021, celebrados entre o Ibram\/DF e a Anclivepa\/SP (Processo n\u00b0 00600-00013412\/2022-55-e).<\/p>\n","protected":false},"excerpt":{"rendered":"<p>O Tribunal de Contas do Distrito Federal autorizou uma inspe\u00e7\u00e3o para verificar ind\u00edcios de irregularidades na constru\u00e7\u00e3o da segunda unidade do Hospital Veterin\u00e1rio P\u00fablico do DF (HVEP\/DF) e na gest\u00e3o do empreendimento pela Associa\u00e7\u00e3o dos Cl\u00ednicos Veterin\u00e1rios de Pequenos Animais (Anclivepa\/SP). A fiscaliza\u00e7\u00e3o ter\u00e1 como foco a atua\u00e7\u00e3o do Instituto Bras\u00edlia Ambiental e da Secretaria [&hellip;]<\/p>\n","protected":false},"author":2,"featured_media":335917,"comment_status":"closed","ping_status":"closed","sticky":false,"template":"","format":"standard","meta":{"_acf_changed":false,"footnotes":""},"categories":[161],"tags":[],"class_list":["post-335916","post","type-post","status-publish","format-standard","has-post-thumbnail","hentry","category-quadradinho-em-foco"],"acf":[],"_links":{"self":[{"href":"https:\/\/www.notibras.com\/site\/wp-json\/wp\/v2\/posts\/335916","targetHints":{"allow":["GET"]}}],"collection":[{"href":"https:\/\/www.notibras.com\/site\/wp-json\/wp\/v2\/posts"}],"about":[{"href":"https:\/\/www.notibras.com\/site\/wp-json\/wp\/v2\/types\/post"}],"author":[{"embeddable":true,"href":"https:\/\/www.notibras.com\/site\/wp-json\/wp\/v2\/users\/2"}],"replies":[{"embeddable":true,"href":"https:\/\/www.notibras.com\/site\/wp-json\/wp\/v2\/comments?post=335916"}],"version-history":[{"count":1,"href":"https:\/\/www.notibras.com\/site\/wp-json\/wp\/v2\/posts\/335916\/revisions"}],"predecessor-version":[{"id":335918,"href":"https:\/\/www.notibras.com\/site\/wp-json\/wp\/v2\/posts\/335916\/revisions\/335918"}],"wp:featuredmedia":[{"embeddable":true,"href":"https:\/\/www.notibras.com\/site\/wp-json\/wp\/v2\/media\/335917"}],"wp:attachment":[{"href":"https:\/\/www.notibras.com\/site\/wp-json\/wp\/v2\/media?parent=335916"}],"wp:term":[{"taxonomy":"category","embeddable":true,"href":"https:\/\/www.notibras.com\/site\/wp-json\/wp\/v2\/categories?post=335916"},{"taxonomy":"post_tag","embeddable":true,"href":"https:\/\/www.notibras.com\/site\/wp-json\/wp\/v2\/tags?post=335916"}],"curies":[{"name":"wp","href":"https:\/\/api.w.org\/{rel}","templated":true}]}}