{"id":335919,"date":"2024-09-05T00:00:44","date_gmt":"2024-09-05T03:00:44","guid":{"rendered":"https:\/\/www.notibras.com\/site\/?p=335919"},"modified":"2024-09-05T02:29:41","modified_gmt":"2024-09-05T05:29:41","slug":"karla-francoise-recebe-titulo-de-cidada-de-joao-pessoa","status":"publish","type":"post","link":"https:\/\/www.notibras.com\/site\/karla-francoise-recebe-titulo-de-cidada-de-joao-pessoa\/","title":{"rendered":"Karla Fran\u00e7oise recebe t\u00edtulo de cidad\u00e3 de Jo\u00e3o Pessoa"},"content":{"rendered":"<p>A C\u00e2mara Municipal de Jo\u00e3o Pessoa entregou em sess\u00e3o solene o T\u00edtulo de Cidad\u00e3 Pessoense \u00e0 professora de Educa\u00e7\u00e3o F\u00edsica Karla Fran\u00e7oise da Costa Alencar. A solenidade reuniu amigos e colegas de trabalho da homenageada e foi proposta pelo vereador Zezinho Botafogo (PSB).<\/p>\n<p>M\u00e1rcia Ramalho, representante da Vila Ol\u00edmpica Parahyba, parabenizou Karla Fran\u00e7oise pela homenagem. &#8220;A Vila Ol\u00edmpica tamb\u00e9m se sente muito honrada com esse momento&#8221;, afirmou.<\/p>\n<p>Raimundo de Alencar, pai da homenageada, agradeceu a presen\u00e7a das pessoas e falou da emo\u00e7\u00e3o de participar de uma sess\u00e3o em homenagem a sua filha. &#8220;Trata-se de uma justa homenagem em reconhecimento ao excelente trabalho desenvolvido, n\u00e3o s\u00f3 na Vila Ol\u00edmpica, como em muitos outros lugares de Jo\u00e3o Pessoa&#8221;, acrescentou.<\/p>\n<p>&#8220;Parabenizo a CMJP por conceder o T\u00edtulo de Cidad\u00e3 Pessoense \u00e0 professora Karla, reconhecendo os benef\u00edcios que esta competente profissional de Educa\u00e7\u00e3o F\u00edsica proporciona aos idosos do nosso munic\u00edpio, contribuindo com os seus avan\u00e7os educacionais e emocionais, ofertando ainda qualidade de vida e intera\u00e7\u00e3o social&#8221;, destacou Maria Suzana Assun\u00e7\u00e3o, amiga da homenageada.<\/p>\n<p>A homenageada, que \u00e9 natural de Teresina (PI), concluiu falando sobre a emo\u00e7\u00e3o de receber a honraria. &#8220;Para mim, receber o reconhecimento do meu trabalho, principalmente dos alunos, familiares de alunos e profissionais, n\u00e3o s\u00f3 da minha \u00e1rea, como de outras \u00e1reas, \u00e9 o sal\u00e1rio moral. Eu fico muito feliz e a responsabilidade s\u00f3 cresce, assim como a vontade de fazer mais e melhor, porque quando voc\u00ea \u00e9 dedicada ao que voc\u00ea ama e voc\u00ea recebe o reconhecimento, a vontade \u00e9 de fazer mais e melhor&#8221;, concluiu.<\/p>\n","protected":false},"excerpt":{"rendered":"<p>A C\u00e2mara Municipal de Jo\u00e3o Pessoa entregou em sess\u00e3o solene o T\u00edtulo de Cidad\u00e3 Pessoense \u00e0 professora de Educa\u00e7\u00e3o F\u00edsica Karla Fran\u00e7oise da Costa Alencar. A solenidade reuniu amigos e colegas de trabalho da homenageada e foi proposta pelo vereador Zezinho Botafogo (PSB). M\u00e1rcia Ramalho, representante da Vila Ol\u00edmpica Parahyba, parabenizou Karla Fran\u00e7oise pela homenagem. [&hellip;]<\/p>\n","protected":false},"author":2,"featured_media":335920,"comment_status":"closed","ping_status":"closed","sticky":false,"template":"","format":"standard","meta":{"_acf_changed":false,"footnotes":""},"categories":[165],"tags":[],"class_list":["post-335919","post","type-post","status-publish","format-standard","has-post-thumbnail","hentry","category-nordeste"],"acf":[],"_links":{"self":[{"href":"https:\/\/www.notibras.com\/site\/wp-json\/wp\/v2\/posts\/335919","targetHints":{"allow":["GET"]}}],"collection":[{"href":"https:\/\/www.notibras.com\/site\/wp-json\/wp\/v2\/posts"}],"about":[{"href":"https:\/\/www.notibras.com\/site\/wp-json\/wp\/v2\/types\/post"}],"author":[{"embeddable":true,"href":"https:\/\/www.notibras.com\/site\/wp-json\/wp\/v2\/users\/2"}],"replies":[{"embeddable":true,"href":"https:\/\/www.notibras.com\/site\/wp-json\/wp\/v2\/comments?post=335919"}],"version-history":[{"count":1,"href":"https:\/\/www.notibras.com\/site\/wp-json\/wp\/v2\/posts\/335919\/revisions"}],"predecessor-version":[{"id":335921,"href":"https:\/\/www.notibras.com\/site\/wp-json\/wp\/v2\/posts\/335919\/revisions\/335921"}],"wp:featuredmedia":[{"embeddable":true,"href":"https:\/\/www.notibras.com\/site\/wp-json\/wp\/v2\/media\/335920"}],"wp:attachment":[{"href":"https:\/\/www.notibras.com\/site\/wp-json\/wp\/v2\/media?parent=335919"}],"wp:term":[{"taxonomy":"category","embeddable":true,"href":"https:\/\/www.notibras.com\/site\/wp-json\/wp\/v2\/categories?post=335919"},{"taxonomy":"post_tag","embeddable":true,"href":"https:\/\/www.notibras.com\/site\/wp-json\/wp\/v2\/tags?post=335919"}],"curies":[{"name":"wp","href":"https:\/\/api.w.org\/{rel}","templated":true}]}}