{"id":335922,"date":"2024-09-05T00:02:24","date_gmt":"2024-09-05T03:02:24","guid":{"rendered":"https:\/\/www.notibras.com\/site\/?p=335922"},"modified":"2024-09-05T02:35:14","modified_gmt":"2024-09-05T05:35:14","slug":"medica-reforca-a-importancia-dos-remedios-no-tratamento-psiquiatrico","status":"publish","type":"post","link":"https:\/\/www.notibras.com\/site\/medica-reforca-a-importancia-dos-remedios-no-tratamento-psiquiatrico\/","title":{"rendered":"M\u00e9dica refor\u00e7a a import\u00e2ncia dos rem\u00e9dios no tratamento psiqui\u00e1trico"},"content":{"rendered":"<p>Em meio \u00e0s atividades do Setembro Amarelo, dedicado \u00e0 conscientiza\u00e7\u00e3o e preven\u00e7\u00e3o do suic\u00eddio, a Associa\u00e7\u00e3o Psiqui\u00e1trica de Bras\u00edlia (APBr) ressalta a import\u00e2ncia dos medicamentos psiqui\u00e1tricos para o tratamento eficaz de transtornos mentais. Renata Figueiredo, presidente da APBr, discute o papel essencial desses medicamentos na estabiliza\u00e7\u00e3o do humor, redu\u00e7\u00e3o de sintomas psic\u00f3ticos e controle da ansiedade, refor\u00e7ando sua relev\u00e2ncia para a preven\u00e7\u00e3o de crises e melhora da qualidade de vida dos pacientes.<\/p>\n<p>Lembrado no domingo, 8 de setembro, o Dia Nacional da Luta por Medicamento, refor\u00e7a ainda mais a necessidade para muitos pacientes psiqui\u00e1tricos, atuando como uma ferramenta indispens\u00e1vel para o manejo de transtornos como depress\u00e3o, transtorno bipolar, esquizofrenia e ansiedade. &#8220;Esses medicamentos permitem que os pacientes funcionem melhor em suas vidas di\u00e1rias e se engajem em outras formas de tratamento, como a psicoterapia&#8221;, afirma Figueiredo.<\/p>\n<p>A especialista destaca que no Brasil, o acesso a medicamentos psiqui\u00e1tricos enfrenta desafios significativos. &#8220;Poucos rem\u00e9dios est\u00e3o dispon\u00edveis atrav\u00e9s do Sistema \u00danico de Sa\u00fade (SUS), e a Farm\u00e1cia Popular, que deveria facilitar esse acesso, n\u00e3o oferece nenhum medicamento psiqui\u00e1trico&#8221;, explica Renata. Ela pontua que a situa\u00e7\u00e3o agrava a desigualdade no acesso, especialmente para a popula\u00e7\u00e3o de baixa renda que depende do programa para adquirir medicamentos essenciais a pre\u00e7os reduzidos ou gratuitamente.<\/p>\n<p>Conforme a presidente da APBr, os medicamentos psiqui\u00e1tricos s\u00e3o essenciais para:<\/p>\n<p>&#8211; Reduzir sintomas debilitantes, como humor deprimido, alucina\u00e7\u00f5es, del\u00edrios, pensamentos suicidas, e ansiedade extrema.<\/p>\n<p>&#8211; Prevenir reca\u00eddas em transtornos como: bipolaridade, esquizofrenia, depress\u00e3o e ansiedade.<\/p>\n<p>&#8211; Melhorar a qualidade de vida, permitindo que os pacientes retomem atividades normais e construam relacionamentos saud\u00e1veis.<\/p>\n<p>&#8211; E ainda, regular desequil\u00edbrios qu\u00edmicos no c\u00e9rebro, influenciando positivamente o humor, comportamento e pensamentos.<\/p>\n<p><strong>Quebra de tabus<\/strong><br \/>\nRenata Figueiredo enfatiza ainda a necessidade de desmistificar o uso de medicamentos psiqui\u00e1tricos. &#8220;\u00c9 crucial informar o p\u00fablico sobre a natureza dos transtornos mentais e como os medicamentos s\u00e3o ferramentas cient\u00edficas comprovadas que ajudam no tratamento. Compartilhar hist\u00f3rias de sucesso e normalizar a conversa sobre esses medicamentos s\u00e3o passos importantes para quebrar o tabu&#8221;, acrescenta.<\/p>\n<p>Ela relata que m\u00e9dicos e psic\u00f3logos t\u00eam um papel vital na educa\u00e7\u00e3o dos pacientes e suas fam\u00edlias, esclarecendo preocupa\u00e7\u00f5es e desmentindo mitos, como a falsa cren\u00e7a de que a maioria das medica\u00e7\u00f5es psiqui\u00e1tricas causa depend\u00eancia.<\/p>\n<p>A presidente da APBr alerta que a aus\u00eancia de medica\u00e7\u00e3o adequada pode trazer s\u00e9rios riscos para os pacientes, incluindo reca\u00edda de sintomas e agravamento do estado mental. &#8220;Sem o tratamento correto, os pacientes podem adotar comportamentos de risco, enfrentar isolamento, perder empregos e at\u00e9 mesmo ter pensamentos ou comportamentos suicidas, necessitando de hospitaliza\u00e7\u00e3o de emerg\u00eancia em casos graves&#8221;, explica.<\/p>\n<p>Neste Setembro Amarelo, o Dia Nacional de Luta por Medicamento ganha ainda mais relev\u00e2ncia, enfatizando a necessidade de acesso adequado e cont\u00ednuo a medicamentos psiqui\u00e1tricos. &#8220;Esses medicamentos s\u00e3o muitas vezes essenciais para estabilizar pacientes em crise e prevenir reca\u00eddas que colocam a vida em risco&#8221;, refor\u00e7a Figueiredo. &#8220;A data sublinha a import\u00e2ncia de garantir que todos os pacientes tenham acesso a tratamentos eficazes, como forma de prevenir complica\u00e7\u00f5es graves, incluindo o suic\u00eddio&#8221;, finaliza.<\/p>\n","protected":false},"excerpt":{"rendered":"<p>Em meio \u00e0s atividades do Setembro Amarelo, dedicado \u00e0 conscientiza\u00e7\u00e3o e preven\u00e7\u00e3o do suic\u00eddio, a Associa\u00e7\u00e3o Psiqui\u00e1trica de Bras\u00edlia (APBr) ressalta a import\u00e2ncia dos medicamentos psiqui\u00e1tricos para o tratamento eficaz de transtornos mentais. Renata Figueiredo, presidente da APBr, discute o papel essencial desses medicamentos na estabiliza\u00e7\u00e3o do humor, redu\u00e7\u00e3o de sintomas psic\u00f3ticos e controle da [&hellip;]<\/p>\n","protected":false},"author":2,"featured_media":335923,"comment_status":"closed","ping_status":"closed","sticky":false,"template":"","format":"standard","meta":{"_acf_changed":false,"footnotes":""},"categories":[161],"tags":[],"class_list":["post-335922","post","type-post","status-publish","format-standard","has-post-thumbnail","hentry","category-quadradinho-em-foco"],"acf":[],"_links":{"self":[{"href":"https:\/\/www.notibras.com\/site\/wp-json\/wp\/v2\/posts\/335922","targetHints":{"allow":["GET"]}}],"collection":[{"href":"https:\/\/www.notibras.com\/site\/wp-json\/wp\/v2\/posts"}],"about":[{"href":"https:\/\/www.notibras.com\/site\/wp-json\/wp\/v2\/types\/post"}],"author":[{"embeddable":true,"href":"https:\/\/www.notibras.com\/site\/wp-json\/wp\/v2\/users\/2"}],"replies":[{"embeddable":true,"href":"https:\/\/www.notibras.com\/site\/wp-json\/wp\/v2\/comments?post=335922"}],"version-history":[{"count":1,"href":"https:\/\/www.notibras.com\/site\/wp-json\/wp\/v2\/posts\/335922\/revisions"}],"predecessor-version":[{"id":335924,"href":"https:\/\/www.notibras.com\/site\/wp-json\/wp\/v2\/posts\/335922\/revisions\/335924"}],"wp:featuredmedia":[{"embeddable":true,"href":"https:\/\/www.notibras.com\/site\/wp-json\/wp\/v2\/media\/335923"}],"wp:attachment":[{"href":"https:\/\/www.notibras.com\/site\/wp-json\/wp\/v2\/media?parent=335922"}],"wp:term":[{"taxonomy":"category","embeddable":true,"href":"https:\/\/www.notibras.com\/site\/wp-json\/wp\/v2\/categories?post=335922"},{"taxonomy":"post_tag","embeddable":true,"href":"https:\/\/www.notibras.com\/site\/wp-json\/wp\/v2\/tags?post=335922"}],"curies":[{"name":"wp","href":"https:\/\/api.w.org\/{rel}","templated":true}]}}