{"id":335930,"date":"2024-09-05T00:08:35","date_gmt":"2024-09-05T03:08:35","guid":{"rendered":"https:\/\/www.notibras.com\/site\/?p=335930"},"modified":"2024-09-05T03:12:40","modified_gmt":"2024-09-05T06:12:40","slug":"escolas-do-nordeste-dao-aula-nota-10-para-o-resto-do-brasil","status":"publish","type":"post","link":"https:\/\/www.notibras.com\/site\/escolas-do-nordeste-dao-aula-nota-10-para-o-resto-do-brasil\/","title":{"rendered":"Escolas do Nordeste d\u00e3o aula Nota 10 para o resto do Brasil"},"content":{"rendered":"<p>Alunos, professores e diretores das 21 escolas que tiraram nota 10 no \u00faltimo ciclo do \u00cdndice de Desenvolvimento da Educa\u00e7\u00e3o B\u00e1sica (Ideb) foram recebidos nesta quarta-feira (4) no Pal\u00e1cio do Planalto. O indicador avalia o desempenho das escolas e redes de ensino no Brasil. Ele combina os resultados dos estudantes nas avalia\u00e7\u00f5es de leitura e matem\u00e1tica (Saeb) com as taxas de aprova\u00e7\u00e3o, garantindo que qualidade e fluxo escolar andem lado a lado.<\/p>\n<p>&#8220;O governo federal tem preocupa\u00e7\u00e3o desde a creche at\u00e9 a universidade, em todos os momentos da educa\u00e7\u00e3o de nossos estudantes. Temos a tarefa de colocar em pr\u00e1tica as a\u00e7\u00f5es das escolas com nota 10 no IDEB, para replic\u00e1-las em todas as outras. Nenhum pa\u00eds se desenvolveu sem investir na educa\u00e7\u00e3o&#8221;, destacou o presidente Lula<\/p>\n<p>&#8220;Para aprender, uma crian\u00e7a precisa de algumas coisas na vida dela. Eu sempre me pergunto se a escola est\u00e1 fazendo jus e estimulando nossas crian\u00e7as a terem vontade de ir para a escola. Tamb\u00e9m nossos professores e professoras precisam estar bem, e \u00e9 por isso que criamos um Piso Salarial.&#8221;<\/p>\n<p>Das institui\u00e7\u00f5es com nota 10 no Ideb, 15 est\u00e3o no Cear\u00e1, 5 em Alagoas e uma em Pernambuco, portanto, todas no Nordeste. Confira a lista completa\u00a0<a href=\"http:\/\/https\/\/www.facebook.com\/photo?fbid=952816496889319&amp;set=pcb.952816526889316\" target=\"_blank\" rel=\"noopener\">aqui<\/a>.<\/p>\n","protected":false},"excerpt":{"rendered":"<p>Alunos, professores e diretores das 21 escolas que tiraram nota 10 no \u00faltimo ciclo do \u00cdndice de Desenvolvimento da Educa\u00e7\u00e3o B\u00e1sica (Ideb) foram recebidos nesta quarta-feira (4) no Pal\u00e1cio do Planalto. O indicador avalia o desempenho das escolas e redes de ensino no Brasil. Ele combina os resultados dos estudantes nas avalia\u00e7\u00f5es de leitura e [&hellip;]<\/p>\n","protected":false},"author":2,"featured_media":335931,"comment_status":"closed","ping_status":"closed","sticky":false,"template":"","format":"standard","meta":{"_acf_changed":false,"footnotes":""},"categories":[165],"tags":[],"class_list":["post-335930","post","type-post","status-publish","format-standard","has-post-thumbnail","hentry","category-nordeste"],"acf":[],"_links":{"self":[{"href":"https:\/\/www.notibras.com\/site\/wp-json\/wp\/v2\/posts\/335930","targetHints":{"allow":["GET"]}}],"collection":[{"href":"https:\/\/www.notibras.com\/site\/wp-json\/wp\/v2\/posts"}],"about":[{"href":"https:\/\/www.notibras.com\/site\/wp-json\/wp\/v2\/types\/post"}],"author":[{"embeddable":true,"href":"https:\/\/www.notibras.com\/site\/wp-json\/wp\/v2\/users\/2"}],"replies":[{"embeddable":true,"href":"https:\/\/www.notibras.com\/site\/wp-json\/wp\/v2\/comments?post=335930"}],"version-history":[{"count":1,"href":"https:\/\/www.notibras.com\/site\/wp-json\/wp\/v2\/posts\/335930\/revisions"}],"predecessor-version":[{"id":335932,"href":"https:\/\/www.notibras.com\/site\/wp-json\/wp\/v2\/posts\/335930\/revisions\/335932"}],"wp:featuredmedia":[{"embeddable":true,"href":"https:\/\/www.notibras.com\/site\/wp-json\/wp\/v2\/media\/335931"}],"wp:attachment":[{"href":"https:\/\/www.notibras.com\/site\/wp-json\/wp\/v2\/media?parent=335930"}],"wp:term":[{"taxonomy":"category","embeddable":true,"href":"https:\/\/www.notibras.com\/site\/wp-json\/wp\/v2\/categories?post=335930"},{"taxonomy":"post_tag","embeddable":true,"href":"https:\/\/www.notibras.com\/site\/wp-json\/wp\/v2\/tags?post=335930"}],"curies":[{"name":"wp","href":"https:\/\/api.w.org\/{rel}","templated":true}]}}