{"id":335935,"date":"2024-09-05T03:46:42","date_gmt":"2024-09-05T06:46:42","guid":{"rendered":"https:\/\/www.notibras.com\/site\/?p=335935"},"modified":"2024-09-05T05:15:30","modified_gmt":"2024-09-05T08:15:30","slug":"pernambuco-vive-de-pai-para-filho-como-uma-eterna-capitania-hereditaria","status":"publish","type":"post","link":"https:\/\/www.notibras.com\/site\/pernambuco-vive-de-pai-para-filho-como-uma-eterna-capitania-hereditaria\/","title":{"rendered":"Pernambuco vive de pai para filho, como uma eterna capitania heredit\u00e1ria"},"content":{"rendered":"<p>A um m\u00eas da sua realiza\u00e7\u00e3o, a elei\u00e7\u00e3o para a Prefeitura do Recife transborda os limites do Pal\u00e1cio do Capibaribe para desaguar no quintal do Pal\u00e1cio do Campo das Princesas, sede do governo de Pernambuco, objetivo principal de dois dos sete atores envolvidos no pleito de 6 de outubro.<\/p>\n<p>Esses dois candidatos &#8211; Jo\u00e3o Campos (PSB) e Daniel Coelho (PSD) &#8211; representam fam\u00edlias historicamente presentes na pol\u00edtica pernambucana com o h\u00e1bito de transferir o poder local de pai para filho, desde a segunda metade do s\u00e9culo passado, como o antigo conhaque Dreher.<\/p>\n<p>Assim como o uso do cachimbo faz a boca torta, as capitanias heredit\u00e1rias do Brasil col\u00f4nia acabaram se perpetuando em Pernambuco de tal forma que hoje \u00e9 lugar comum no Estado a transfer\u00eancia do poder entre membros da mesma fam\u00edlia, de gera\u00e7\u00e3o em gera\u00e7\u00e3o, seja na esfera municipal ou estadual.<\/p>\n<p>Dos munic\u00edpios mais importantes e populosos, como Petrolina, no sert\u00e3o, Caruaru, no agreste, Jaboat\u00e3o dos Guararapes, Olinda e Recife, na regi\u00e3o metropolitana, costumam brotar os \u201cdonos\u201d do Estado.<\/p>\n<p>No dizer da ministra Z\u00e9lia Cardoso de Melo, a poderosa dama da economia brasileira no governo de Fernando Collor de Mello (1990-1992), ele mesmo fruto da oligarquia do vizinho Estado de Alagoas, em Pernambuco \u201co povo \u00e9 apenas um detalhe\u201d.<\/p>\n<p>Dos sete candidatos registrados \u00e0 Prefeitura do Recife, apenas dois t\u00eam confronto direto &#8211; o atual prefeito Jo\u00e3o Campos (PSB) e o ex-deputado Daniel Coelho (PSD).<\/p>\n<p>Segundo as pesquisas de opini\u00e3o, Jo\u00e3o Campos pode continuar no cargo a partir de janeiro de 2025, mas deve ficar no comando da Prefeitura apenas por mais dois anos, quando precisar\u00e1 se desincompatibilizar para disputar o governo do Estado no pleito de 2026.<\/p>\n<p>Bisneto de Miguel Arraes, que governou Pernambuco por tr\u00eas vezes, e filho de Eduardo Campos, neto de Arraes, governador por duas vezes e morto em acidente a\u00e9reo na campanha presidencial de 2014, Jo\u00e3o Campos, primog\u00eanito de Eduardo, foi o escolhido, ao atingir a maioridade, para tomar o lugar dos antigos prepostos que a fam\u00edlia usou para se manter no poder nas \u00faltimas duas d\u00e9cadas.<\/p>\n<p>Ele ingressou no servi\u00e7o p\u00fablico em 2016 como chefe de gabinete do ent\u00e3o governador Paulo C\u00e2mara, o primeiro preposto da fam\u00edlia; elegeu-se deputado federal dois anos mais tarde at\u00e9 que em 2020 foi eleito para a Prefeitura do Recife para substituir o segundo preposto da fam\u00edlia, o ex-prefeito Geraldo J\u00falio.<\/p>\n<p>Com a ascens\u00e3o de Jo\u00e3o Campos, tanto Paulo C\u00e2mara quanto Geraldo J\u00falio n\u00e3o concorreram mais a cargos p\u00fablicos, deixando o caminho livre para o atual prefeito do Recife. Sua reelei\u00e7\u00e3o o credenciar\u00e1 para o confronto com a atual governadora Raquel Lyra, filha e neta de ex-governadores e sobrinha de Fernando Lyra, deputado federal por diversas legislaturas e ex-ministro da Justi\u00e7a de Jos\u00e9 Sarney no primeiro governo civil (1985-1990) ap\u00f3s o fim da ditadura (1964-1985).<\/p>\n<p>Ex-prefeita de Caruaru, Raquel Lyra \u00e9 atualmente a \u00fanica representante da fam\u00edlia em cargo p\u00fablico. Foi por isso que ela foi buscar seu ex-secret\u00e1rio de Turismo, o ex-deputado federal Daniel Coelho, para ser seu candidato \u00e0 Prefeitura do Recife. O intuito \u00e9 fazer de Daniel Coelho o seu contraponto ao prefeito Jo\u00e3o Campos.<\/p>\n<p>De origem tucana, Daniel Coelho veste como uma luva a posi\u00e7\u00e3o de preposto da governadora do PSDB. Ele faz uma campanha recheada de cr\u00edticas severas \u00e0 administra\u00e7\u00e3o de Jo\u00e3o Campos numa tentativa de reduzir no que for poss\u00edvel a avalanche de votos que as pesquisas indicam para o atual prefeito e assim evitar que ele chegue para disputar o governo do Estado n\u00e3o t\u00e3o forte como busca a reelei\u00e7\u00e3o.<\/p>\n<p>Em 2022 Raquel Lyra venceu a elei\u00e7\u00e3o no segundo turno sobre a candidata do presidente Lula, Mar\u00edlia Arraes, com 53% dos votos, depois de despachar no primeiro turno Danilo Cabral (PSB), candidato e preposto da fam\u00edlia Campos, e Anderson Ferreira (PL), apoiado pelo ex-presidente Jair Bolsonaro.<\/p>\n<p>Um fator emocional &#8211; a morte s\u00fabita do marido, no dia da elei\u00e7\u00e3o &#8211; pode ter contribu\u00eddo para a sua vit\u00f3ria, assim como a morte de Eduardo Campos garantiu \u00e0 fam\u00edlia o poder no Estado at\u00e9 a elei\u00e7\u00e3o de Raquel Lyra.<\/p>\n<p>Em 2026, com Raquel de um lado e Jo\u00e3o de outro, as duas fam\u00edlias voltar\u00e3o a se enfrentar, provavelmente sem nenhum componente emocional. Mas o resultado, j\u00e1 se sabe desde j\u00e1, haver\u00e1 apenas &#8211; como uma troca de guarda -, mais uma troca de fam\u00edlia para governar Pernambuco, onde o povo continuar\u00e1 sendo apenas um detalhe.<\/p>\n","protected":false},"excerpt":{"rendered":"<p>A um m\u00eas da sua realiza\u00e7\u00e3o, a elei\u00e7\u00e3o para a Prefeitura do Recife transborda os limites do Pal\u00e1cio do Capibaribe para desaguar no quintal do Pal\u00e1cio do Campo das Princesas, sede do governo de Pernambuco, objetivo principal de dois dos sete atores envolvidos no pleito de 6 de outubro. Esses dois candidatos &#8211; Jo\u00e3o Campos [&hellip;]<\/p>\n","protected":false},"author":2,"featured_media":335936,"comment_status":"closed","ping_status":"closed","sticky":false,"template":"","format":"standard","meta":{"_acf_changed":false,"footnotes":""},"categories":[165],"tags":[],"class_list":["post-335935","post","type-post","status-publish","format-standard","has-post-thumbnail","hentry","category-nordeste"],"acf":[],"_links":{"self":[{"href":"https:\/\/www.notibras.com\/site\/wp-json\/wp\/v2\/posts\/335935","targetHints":{"allow":["GET"]}}],"collection":[{"href":"https:\/\/www.notibras.com\/site\/wp-json\/wp\/v2\/posts"}],"about":[{"href":"https:\/\/www.notibras.com\/site\/wp-json\/wp\/v2\/types\/post"}],"author":[{"embeddable":true,"href":"https:\/\/www.notibras.com\/site\/wp-json\/wp\/v2\/users\/2"}],"replies":[{"embeddable":true,"href":"https:\/\/www.notibras.com\/site\/wp-json\/wp\/v2\/comments?post=335935"}],"version-history":[{"count":6,"href":"https:\/\/www.notibras.com\/site\/wp-json\/wp\/v2\/posts\/335935\/revisions"}],"predecessor-version":[{"id":335971,"href":"https:\/\/www.notibras.com\/site\/wp-json\/wp\/v2\/posts\/335935\/revisions\/335971"}],"wp:featuredmedia":[{"embeddable":true,"href":"https:\/\/www.notibras.com\/site\/wp-json\/wp\/v2\/media\/335936"}],"wp:attachment":[{"href":"https:\/\/www.notibras.com\/site\/wp-json\/wp\/v2\/media?parent=335935"}],"wp:term":[{"taxonomy":"category","embeddable":true,"href":"https:\/\/www.notibras.com\/site\/wp-json\/wp\/v2\/categories?post=335935"},{"taxonomy":"post_tag","embeddable":true,"href":"https:\/\/www.notibras.com\/site\/wp-json\/wp\/v2\/tags?post=335935"}],"curies":[{"name":"wp","href":"https:\/\/api.w.org\/{rel}","templated":true}]}}