{"id":335945,"date":"2024-09-05T00:20:07","date_gmt":"2024-09-05T03:20:07","guid":{"rendered":"https:\/\/www.notibras.com\/site\/?p=335945"},"modified":"2024-09-05T04:22:35","modified_gmt":"2024-09-05T07:22:35","slug":"aneel-muda-patamar-e-reajuste-na-conta-de-luz-pode-ser-menor","status":"publish","type":"post","link":"https:\/\/www.notibras.com\/site\/aneel-muda-patamar-e-reajuste-na-conta-de-luz-pode-ser-menor\/","title":{"rendered":"Aneel muda patamar e reajuste na conta de luz pode ser menor"},"content":{"rendered":"<p>A Ag\u00eancia Nacional de Energia El\u00e9trica (ANEEL) divulgou nota informando uma mudan\u00e7a da bandeira vermelha para o patamar 1. Os dados foram corrigidos ap\u00f3s ajustes do Programa Mensal de Opera\u00e7\u00e3o pelo Operador Nacional do Sistema (ONS).<\/p>\n<p>Diante dessa altera\u00e7\u00e3o, a ANEEL solicitou para a C\u00e2mara de Comercializa\u00e7\u00e3o de Energia El\u00e9trica (CCEE) avalia\u00e7\u00e3o das informa\u00e7\u00f5es e rec\u00e1lculo dos dados, o que indicou o acionamento da bandeira vermelha patamar 1.<\/p>\n<p>Nesse patamar ser\u00e3o cobrados R$ 4,463 para cada 100 quilowatt-hora consumidos.<\/p>\n<p>Al\u00e9m disso, a diretoria da ANEEL definiu que ser\u00e3o instaurados processos de fiscaliza\u00e7\u00e3o para auditar os procedimentos dos agentes envolvidos na defini\u00e7\u00e3o da PMO e c\u00e1lculo das bandeiras.<\/p>\n","protected":false},"excerpt":{"rendered":"<p>A Ag\u00eancia Nacional de Energia El\u00e9trica (ANEEL) divulgou nota informando uma mudan\u00e7a da bandeira vermelha para o patamar 1. Os dados foram corrigidos ap\u00f3s ajustes do Programa Mensal de Opera\u00e7\u00e3o pelo Operador Nacional do Sistema (ONS). Diante dessa altera\u00e7\u00e3o, a ANEEL solicitou para a C\u00e2mara de Comercializa\u00e7\u00e3o de Energia El\u00e9trica (CCEE) avalia\u00e7\u00e3o das informa\u00e7\u00f5es e [&hellip;]<\/p>\n","protected":false},"author":2,"featured_media":331859,"comment_status":"closed","ping_status":"closed","sticky":false,"template":"","format":"standard","meta":{"_acf_changed":false,"footnotes":""},"categories":[161],"tags":[],"class_list":["post-335945","post","type-post","status-publish","format-standard","has-post-thumbnail","hentry","category-quadradinho-em-foco"],"acf":[],"_links":{"self":[{"href":"https:\/\/www.notibras.com\/site\/wp-json\/wp\/v2\/posts\/335945","targetHints":{"allow":["GET"]}}],"collection":[{"href":"https:\/\/www.notibras.com\/site\/wp-json\/wp\/v2\/posts"}],"about":[{"href":"https:\/\/www.notibras.com\/site\/wp-json\/wp\/v2\/types\/post"}],"author":[{"embeddable":true,"href":"https:\/\/www.notibras.com\/site\/wp-json\/wp\/v2\/users\/2"}],"replies":[{"embeddable":true,"href":"https:\/\/www.notibras.com\/site\/wp-json\/wp\/v2\/comments?post=335945"}],"version-history":[{"count":1,"href":"https:\/\/www.notibras.com\/site\/wp-json\/wp\/v2\/posts\/335945\/revisions"}],"predecessor-version":[{"id":335946,"href":"https:\/\/www.notibras.com\/site\/wp-json\/wp\/v2\/posts\/335945\/revisions\/335946"}],"wp:featuredmedia":[{"embeddable":true,"href":"https:\/\/www.notibras.com\/site\/wp-json\/wp\/v2\/media\/331859"}],"wp:attachment":[{"href":"https:\/\/www.notibras.com\/site\/wp-json\/wp\/v2\/media?parent=335945"}],"wp:term":[{"taxonomy":"category","embeddable":true,"href":"https:\/\/www.notibras.com\/site\/wp-json\/wp\/v2\/categories?post=335945"},{"taxonomy":"post_tag","embeddable":true,"href":"https:\/\/www.notibras.com\/site\/wp-json\/wp\/v2\/tags?post=335945"}],"curies":[{"name":"wp","href":"https:\/\/api.w.org\/{rel}","templated":true}]}}