{"id":335947,"date":"2024-09-05T00:00:36","date_gmt":"2024-09-05T03:00:36","guid":{"rendered":"https:\/\/www.notibras.com\/site\/?p=335947"},"modified":"2024-09-05T04:29:18","modified_gmt":"2024-09-05T07:29:18","slug":"forca-tarefa-mobiliza-150-pessoas-para-conter-incendio","status":"publish","type":"post","link":"https:\/\/www.notibras.com\/site\/forca-tarefa-mobiliza-150-pessoas-para-conter-incendio\/","title":{"rendered":"For\u00e7a-tarefa mobiliza 150 pessoas para conter inc\u00eandio"},"content":{"rendered":"<p>Uma for\u00e7a-tarefa com equipes de diferentes \u00f3rg\u00e3os trabalha para conter o inc\u00eandio que atinge a Floresta Nacional de Bras\u00edlia (Flona). S\u00e3o, ao todo, 150 pessoas, uma aeronave e 35 viaturas.<\/p>\n<p>Segundo o Corpo de Bombeiros Militar do Distrito Federal (CBMDF), a alta temperatura, o clima seco e os fortes ventos dificultam o trabalho de combate ao fogo. Nesta quarta-feira (4), das cinco linhas de fogo detectadas, tr\u00eas foram controladas. At\u00e9 o momento, 2.176 hectares foram consumidos pelas chamas \u2014 \u00e1rea equivalente a 38,58% da Flona.<\/p>\n<p>\u201cDiante da complexidade deste inc\u00eandio, refor\u00e7amos nossas equipes e aumentamos o n\u00famero de viaturas e recursos a\u00e9reos para intensificar o combate. Estamos trabalhando em conjunto com diversas institui\u00e7\u00f5es, e esse esfor\u00e7o integrado \u00e9 essencial para conter as chamas e proteger as \u00e1reas cr\u00edticas da Flona. Nosso compromisso \u00e9 garantir a seguran\u00e7a da popula\u00e7\u00e3o e a preserva\u00e7\u00e3o do meio ambiente\u201d, apontou o comandante do CBMDF, coronel Sandro Gomes.<\/p>\n<p>Ainda de acordo com a corpora\u00e7\u00e3o, o foco tem sido a prote\u00e7\u00e3o das matas de galeria e as nascentes da reserva. O fogo que estava pr\u00f3ximo a \u00e1reas de ch\u00e1caras foi contido e, nessa regi\u00e3o, as equipes fazem agora um trabalho de rescaldo.<\/p>\n<p>Al\u00e9m dos bombeiros, participam da a\u00e7\u00e3o equipes do Instituto Chico Mendes de Conserva\u00e7\u00e3o da Biodiversidade (ICMBio), do Jardim Bot\u00e2nico, do Bras\u00edlia Ambiental, do Instituto Brasileiro do Meio Ambiente e dos Recursos Naturais Renov\u00e1veis (Ibama) da Pol\u00edcia Militar do DF e da Funda\u00e7\u00e3o Jardim Zool\u00f3gico.<\/p>\n","protected":false},"excerpt":{"rendered":"<p>Uma for\u00e7a-tarefa com equipes de diferentes \u00f3rg\u00e3os trabalha para conter o inc\u00eandio que atinge a Floresta Nacional de Bras\u00edlia (Flona). S\u00e3o, ao todo, 150 pessoas, uma aeronave e 35 viaturas. Segundo o Corpo de Bombeiros Militar do Distrito Federal (CBMDF), a alta temperatura, o clima seco e os fortes ventos dificultam o trabalho de combate [&hellip;]<\/p>\n","protected":false},"author":2,"featured_media":335948,"comment_status":"closed","ping_status":"closed","sticky":false,"template":"","format":"standard","meta":{"_acf_changed":false,"footnotes":""},"categories":[161],"tags":[],"class_list":["post-335947","post","type-post","status-publish","format-standard","has-post-thumbnail","hentry","category-quadradinho-em-foco"],"acf":[],"_links":{"self":[{"href":"https:\/\/www.notibras.com\/site\/wp-json\/wp\/v2\/posts\/335947","targetHints":{"allow":["GET"]}}],"collection":[{"href":"https:\/\/www.notibras.com\/site\/wp-json\/wp\/v2\/posts"}],"about":[{"href":"https:\/\/www.notibras.com\/site\/wp-json\/wp\/v2\/types\/post"}],"author":[{"embeddable":true,"href":"https:\/\/www.notibras.com\/site\/wp-json\/wp\/v2\/users\/2"}],"replies":[{"embeddable":true,"href":"https:\/\/www.notibras.com\/site\/wp-json\/wp\/v2\/comments?post=335947"}],"version-history":[{"count":1,"href":"https:\/\/www.notibras.com\/site\/wp-json\/wp\/v2\/posts\/335947\/revisions"}],"predecessor-version":[{"id":335949,"href":"https:\/\/www.notibras.com\/site\/wp-json\/wp\/v2\/posts\/335947\/revisions\/335949"}],"wp:featuredmedia":[{"embeddable":true,"href":"https:\/\/www.notibras.com\/site\/wp-json\/wp\/v2\/media\/335948"}],"wp:attachment":[{"href":"https:\/\/www.notibras.com\/site\/wp-json\/wp\/v2\/media?parent=335947"}],"wp:term":[{"taxonomy":"category","embeddable":true,"href":"https:\/\/www.notibras.com\/site\/wp-json\/wp\/v2\/categories?post=335947"},{"taxonomy":"post_tag","embeddable":true,"href":"https:\/\/www.notibras.com\/site\/wp-json\/wp\/v2\/tags?post=335947"}],"curies":[{"name":"wp","href":"https:\/\/api.w.org\/{rel}","templated":true}]}}