{"id":335974,"date":"2024-09-05T12:36:35","date_gmt":"2024-09-05T15:36:35","guid":{"rendered":"https:\/\/www.notibras.com\/site\/?p=335974"},"modified":"2024-09-05T12:36:35","modified_gmt":"2024-09-05T15:36:35","slug":"der-tira-bebida-do-eixao-como-mae-que-manda-bebe-mamar-em-onca","status":"publish","type":"post","link":"https:\/\/www.notibras.com\/site\/der-tira-bebida-do-eixao-como-mae-que-manda-bebe-mamar-em-onca\/","title":{"rendered":"DER tira bebida do Eix\u00e3o como m\u00e3e que manda beb\u00ea mamar em on\u00e7a"},"content":{"rendered":"<p>A recente decis\u00e3o do Departamento de Estradas de Rodagem do Distrito Federal (DER-DF) de permitir eventos culturais no Eix\u00e3o, mas proibir a venda de bebidas alco\u00f3licas, levanta um debate importante sobre a regulamenta\u00e7\u00e3o do com\u00e9rcio nesses espa\u00e7os de lazer. A permiss\u00e3o para que os frequentadores levem seus pr\u00f3prios coolers com as bebidas que desejarem evidencia que a proibi\u00e7\u00e3o da venda de bebidas alco\u00f3licas por comerciantes formais \u00e9, no m\u00ednimo, question\u00e1vel. Afinal, se o consumo \u00e9 permitido, por que proibir a comercializa\u00e7\u00e3o regulamentada?<\/p>\n<p>\u00c9 fundamental reconhecer que o com\u00e9rcio local, especialmente aquele que ocorre em eventos ao ar livre como no Eix\u00e3o de Lazer, representa uma fonte de renda vital para muitas fam\u00edlias. Ao negar a esses comerciantes a possibilidade de vender bebidas alco\u00f3licas, estamos, indiretamente, limitando suas oportunidades de sustento. Essa proibi\u00e7\u00e3o parece destoar do que \u00e9 observado em outros locais da cidade, como nos eventos realizados no entorno do Man\u00e9 Garrincha e em outras pra\u00e7as p\u00fablicas, onde o com\u00e9rcio de bebidas \u00e9 permitido sob regras espec\u00edficas.<\/p>\n<p>A preocupa\u00e7\u00e3o das autoridades com a seguran\u00e7a e a ordem p\u00fablica \u00e9 v\u00e1lida, mas n\u00e3o deve servir de justificativa para penalizar economicamente comerciantes que dependem desses eventos. A solu\u00e7\u00e3o n\u00e3o est\u00e1 na proibi\u00e7\u00e3o, mas na regulamenta\u00e7\u00e3o. O DER-DF e outros \u00f3rg\u00e3os de fiscaliza\u00e7\u00e3o poderiam estabelecer normas claras e criteriosas para o com\u00e9rcio de bebidas alco\u00f3licas no Eix\u00e3o de Lazer, garantindo que a venda ocorra de forma organizada, respons\u00e1vel e segura. Modelos de credenciamento e controle, como os aplicados em eventos de grande porte, s\u00e3o exemplos que poderiam ser adaptados para o Eix\u00e3o.<\/p>\n<p>Al\u00e9m disso, \u00e9 crucial que o processo de credenciamento dos comerciantes seja \u00e1gil e eficiente. A morosidade na concess\u00e3o de licen\u00e7as pode inviabilizar a participa\u00e7\u00e3o de muitos comerciantes, que dependem dessas oportunidades para garantir sua subsist\u00eancia. A celeridade no credenciamento n\u00e3o apenas facilita o trabalho dos comerciantes, mas tamb\u00e9m promove um ambiente mais organizado e seguro para todos os frequentadores do Eix\u00e3o de Lazer.<\/p>\n<p>O Eix\u00e3o de Lazer \u00e9 um verdadeiro sucesso. Aos domingos, o local se transforma em um ponto de encontro de fam\u00edlias, com espa\u00e7os dedicados ao esporte, cultura, e uma rica gastronomia que atende a todos os gostos. A proibi\u00e7\u00e3o da venda de bebidas alco\u00f3licas por comerciantes registrados, por\u00e9m, parece destoar da proposta inclusiva e democr\u00e1tica que o Eix\u00e3o de Lazer representa. Manter o com\u00e9rcio vivo e regulamentado \u00e9 uma forma de fortalecer a economia local, promover a diversidade cultural e garantir que todos, comerciantes e frequentadores, possam usufruir desse espa\u00e7o de forma harmoniosa.<\/p>\n<p>Portanto, \u00e9 essencial que as autoridades revejam suas pol\u00edticas e busquem um equil\u00edbrio que respeite os interesses de todas as partes envolvidas. O credenciamento adequado e c\u00e9lere, acompanhado de normas claras e fiscaliza\u00e7\u00e3o efetiva, pode assegurar que o com\u00e9rcio de bebidas alco\u00f3licas no Eix\u00e3o de Lazer ocorra de forma respons\u00e1vel e ben\u00e9fica para a comunidade. Privar comerciantes dessa possibilidade, ao passo que se permite aos cidad\u00e3os trazerem suas bebidas, n\u00e3o parece razo\u00e1vel nem justo. \u00c9 hora de repensar e regulamentar, para que todos possam aproveitar o Eix\u00e3o de Lazer em sua plenitude.<\/p>\n","protected":false},"excerpt":{"rendered":"<p>A recente decis\u00e3o do Departamento de Estradas de Rodagem do Distrito Federal (DER-DF) de permitir eventos culturais no Eix\u00e3o, mas proibir a venda de bebidas alco\u00f3licas, levanta um debate importante sobre a regulamenta\u00e7\u00e3o do com\u00e9rcio nesses espa\u00e7os de lazer. A permiss\u00e3o para que os frequentadores levem seus pr\u00f3prios coolers com as bebidas que desejarem evidencia [&hellip;]<\/p>\n","protected":false},"author":2,"featured_media":103671,"comment_status":"closed","ping_status":"closed","sticky":false,"template":"","format":"standard","meta":{"_acf_changed":false,"footnotes":""},"categories":[161],"tags":[95],"class_list":["post-335974","post","type-post","status-publish","format-standard","has-post-thumbnail","hentry","category-quadradinho-em-foco","tag-capa"],"acf":[],"_links":{"self":[{"href":"https:\/\/www.notibras.com\/site\/wp-json\/wp\/v2\/posts\/335974","targetHints":{"allow":["GET"]}}],"collection":[{"href":"https:\/\/www.notibras.com\/site\/wp-json\/wp\/v2\/posts"}],"about":[{"href":"https:\/\/www.notibras.com\/site\/wp-json\/wp\/v2\/types\/post"}],"author":[{"embeddable":true,"href":"https:\/\/www.notibras.com\/site\/wp-json\/wp\/v2\/users\/2"}],"replies":[{"embeddable":true,"href":"https:\/\/www.notibras.com\/site\/wp-json\/wp\/v2\/comments?post=335974"}],"version-history":[{"count":1,"href":"https:\/\/www.notibras.com\/site\/wp-json\/wp\/v2\/posts\/335974\/revisions"}],"predecessor-version":[{"id":335975,"href":"https:\/\/www.notibras.com\/site\/wp-json\/wp\/v2\/posts\/335974\/revisions\/335975"}],"wp:featuredmedia":[{"embeddable":true,"href":"https:\/\/www.notibras.com\/site\/wp-json\/wp\/v2\/media\/103671"}],"wp:attachment":[{"href":"https:\/\/www.notibras.com\/site\/wp-json\/wp\/v2\/media?parent=335974"}],"wp:term":[{"taxonomy":"category","embeddable":true,"href":"https:\/\/www.notibras.com\/site\/wp-json\/wp\/v2\/categories?post=335974"},{"taxonomy":"post_tag","embeddable":true,"href":"https:\/\/www.notibras.com\/site\/wp-json\/wp\/v2\/tags?post=335974"}],"curies":[{"name":"wp","href":"https:\/\/api.w.org\/{rel}","templated":true}]}}