{"id":335986,"date":"2024-09-06T00:14:11","date_gmt":"2024-09-06T03:14:11","guid":{"rendered":"https:\/\/www.notibras.com\/site\/?p=335986"},"modified":"2024-09-06T00:13:50","modified_gmt":"2024-09-06T03:13:50","slug":"fortaleza-recife-e-salvador-encabecam-o-voa-brasil","status":"publish","type":"post","link":"https:\/\/www.notibras.com\/site\/fortaleza-recife-e-salvador-encabecam-o-voa-brasil\/","title":{"rendered":"Fortaleza, Recife e Salvador encabe\u00e7am o &#8216;Voa Brasil&#8217;"},"content":{"rendered":"<p>O programa Voa Brasil, do governo federal, comercializou cerca de oito mil voos, com passagens a pre\u00e7os at\u00e9 R$ 200, desde que foi lan\u00e7ado, no fim de julho. A quantidade de passagens corresponde a cerca de 0,26% dos tr\u00eas milh\u00f5es de bilhetes disponibilizados, nesta fase inicial, a 23 milh\u00f5es de aposentados do Instituto Nacional do Seguro Social (INSS), independentemente da faixa de renda, e que n\u00e3o tenham viajado nos \u00faltimos 12 meses.<\/p>\n<p>O Minist\u00e9rio de Portos e Aeroportos (MPor) \u2013 respons\u00e1vel pelo programa de inclus\u00e3o social da avia\u00e7\u00e3o civil \u2013 informou na quinta-feira (5) que os n\u00fameros de venda de bilhetes est\u00e3o em expans\u00e3o. \u201cA plataforma recebeu mais de 100 mil acessos at\u00e9 agora, ou seja, h\u00e1 interesse por parte dos aposentados. Os n\u00fameros v\u00e3o crescer, de acordo com a oferta e publicidade do programa&#8221;, prev\u00ea o MPor.<\/p>\n<p>O Voa Brasil \u00e9 realizado por meio de uma parceria do MPor com as principais companhias a\u00e9reas do pa\u00eds. Portanto, n\u00e3o h\u00e1 custo para o governo federal com a oferta das passagens.<\/p>\n<p><strong>Principais destinos<\/strong><br \/>\nApesar do baixo n\u00famero de vendas de passagens pelo Voa Brasil, o MPor comemorou que o programa teve mais de 500 op\u00e7\u00f5es de trechos vendidos para mais de 60 cidades brasileiras.<\/p>\n<p>Do total de oito mil passagens vendidas pelo Voa Brasil, 44% dos bilhetes comercializados est\u00e3o concentrados em cidades das regi\u00f5es Sudeste e 41% no Nordeste. Entre os destinos mais procurados est\u00e3o as cidades de S\u00e3o Paulo, do Rio de Janeiro, de Fortaleza, do Recife e de Salvador. Fora do eixo Sudeste-Nordeste, Bras\u00edlia \u00e9 uma das localidades com alta procura de voos por parte do p\u00fablico-alvo do programa.<\/p>\n<p>A maior parte das viagens tem origem nos aeroportos de Guarulhos e Congonhas, em S\u00e3o Paulo e do Gale\u00e3o, Rio. Em rela\u00e7\u00e3o \u00e0 movimenta\u00e7\u00e3o de passageiros em aeroportos regionais, os destaques foram os terminais de Petrolina, em Pernambuco, Vit\u00f3ria da Conquista, na Bahia e Caxias do Sul, no Rio Grande do Sul.<\/p>\n<p>Em nota, o ministro de Portos e Aeroportos, Silvio Costa Filho, explica que o Voa Brasil contribui para ampliar a oferta de voos e do n\u00famero de passageiros no modal a\u00e9reo. &#8220;Mais do que incluir novos brasileiros no modal a\u00e9reo, o programa \u00e9 uma oportunidade para as pessoas reencontrarem familiares e amigos, conhecerem novas cidades ou retornarem a destinos inesquec\u00edveis,&#8221; afirmou.<\/p>\n<p>&#8220;Faremos com que muitos aposentados viajem pelo pa\u00eds, sobretudo, nesse momento de crescimento da nossa avia\u00e7\u00e3o. N\u00f3s esperamos, nessa primeira fase de programa, incluir mais de 1,5 milh\u00e3o de turistas que nunca viajaram de avi\u00e3o\u201d, estima o ministro de Portos e Aeroportos, Silvio Costa Filho.<\/p>\n<p><strong>Como comprar<\/strong><br \/>\nO Voa Brasil tem voos para todos os estados, alguns operados por mais de uma companhia a\u00e9rea. Os aposentados do INSS podem conferir todas as ofertas de bilhetes a\u00e9reos e demais informa\u00e7\u00f5es no site oficial do programa [ https:\/\/www.gov.br\/portos-e-aeroportos\/pt-br\/assuntos\/conheca-o-voa-brasil ] . Para acessar o sistema, \u00e9 preciso ter conta perfil ouro ou prata no portal \u00fanico de servi\u00e7os digitais do governo federal, o Gov.Br.<\/p>\n<p>Caso n\u00e3o encontre voo para a cidade desejada, os interessados podem pesquisar por um munic\u00edpio pr\u00f3ximo e\/ou em datas alternativas para a pr\u00f3xima viagem. A dica do MPor \u00e9, por exemplo, buscar a ida e a volta por empresas diferentes, para aumentar a possibilidade de encontrar passagens nas datas desejadas.<\/p>\n<p>Outra recomenda\u00e7\u00e3o \u00e9 planejar as viagens com anteced\u00eancia e dar prefer\u00eancia a dias de menor procura, como de ter\u00e7a a quinta-feira, e per\u00edodos de baixa temporada, entre mar\u00e7o e junho ou agosto e novembro.<\/p>\n<p>O benef\u00edcio \u00e9 pessoal e intransfer\u00edvel. Isso significa que apenas o titular poder\u00e1 realizar a viagem. O limite de R$ 200 por trecho n\u00e3o inclui as tarifas de embarque cobradas no momento do pagamento. Os valores das tarifas de embarque variam conforme o aeroporto. As passagens adquiridas pelo Voa Brasil d\u00e3o direito a uma bagagem de m\u00e3o (de at\u00e9 10 quilos) e uma bolsa ou mochila pequena.<\/p>\n<p><strong>Voa Brasil<\/strong><br \/>\nA estrat\u00e9gia do programa se baseia no aproveitamento de assentos dispon\u00edveis em voos com baixa ocupa\u00e7\u00e3o e permite \u00e0s companhias a\u00e9reas ajustar suas ofertas conforme a demanda. S\u00e3o as companhias a\u00e9reas que definem os trechos e a quantidade de assentos a serem disponibilizados dentro do programa.<\/p>\n<p>As op\u00e7\u00f5es de pagamento s\u00e3o definidas pela companhia a\u00e9rea emissora das passagens, assim como pedidos de reembolso. Em caso de cancelamento do bilhete ap\u00f3s a realiza\u00e7\u00e3o do pagamento, n\u00e3o haver\u00e1 restitui\u00e7\u00e3o do benef\u00edcio.<\/p>\n<p>A expectativa do Minist\u00e9rio de Portos e Aeroportos \u00e9 lan\u00e7ar a segunda etapa do Voa Brasil no primeiro semestre de 2025 para incluir na lista estudantes de institui\u00e7\u00f5es de ensino p\u00fablico. \u201cEstamos trabalhando para organizar a segunda fase do Voa Brasil, na qual a gente avalia a possibilidade de incluir alunos do Pronatec [Programa Nacional de Acesso ao Ensino T\u00e9cnico e Emprego], do Prouni [Portal \u00danico de Acesso ao Ensino Superior], e outros segmentos da juventude brasileira\u201d, disse Costa Filho.<\/p>\n","protected":false},"excerpt":{"rendered":"<p>O programa Voa Brasil, do governo federal, comercializou cerca de oito mil voos, com passagens a pre\u00e7os at\u00e9 R$ 200, desde que foi lan\u00e7ado, no fim de julho. A quantidade de passagens corresponde a cerca de 0,26% dos tr\u00eas milh\u00f5es de bilhetes disponibilizados, nesta fase inicial, a 23 milh\u00f5es de aposentados do Instituto Nacional do [&hellip;]<\/p>\n","protected":false},"author":2,"featured_media":335987,"comment_status":"closed","ping_status":"closed","sticky":false,"template":"","format":"standard","meta":{"_acf_changed":false,"footnotes":""},"categories":[165],"tags":[],"class_list":["post-335986","post","type-post","status-publish","format-standard","has-post-thumbnail","hentry","category-nordeste"],"acf":[],"_links":{"self":[{"href":"https:\/\/www.notibras.com\/site\/wp-json\/wp\/v2\/posts\/335986","targetHints":{"allow":["GET"]}}],"collection":[{"href":"https:\/\/www.notibras.com\/site\/wp-json\/wp\/v2\/posts"}],"about":[{"href":"https:\/\/www.notibras.com\/site\/wp-json\/wp\/v2\/types\/post"}],"author":[{"embeddable":true,"href":"https:\/\/www.notibras.com\/site\/wp-json\/wp\/v2\/users\/2"}],"replies":[{"embeddable":true,"href":"https:\/\/www.notibras.com\/site\/wp-json\/wp\/v2\/comments?post=335986"}],"version-history":[{"count":3,"href":"https:\/\/www.notibras.com\/site\/wp-json\/wp\/v2\/posts\/335986\/revisions"}],"predecessor-version":[{"id":335990,"href":"https:\/\/www.notibras.com\/site\/wp-json\/wp\/v2\/posts\/335986\/revisions\/335990"}],"wp:featuredmedia":[{"embeddable":true,"href":"https:\/\/www.notibras.com\/site\/wp-json\/wp\/v2\/media\/335987"}],"wp:attachment":[{"href":"https:\/\/www.notibras.com\/site\/wp-json\/wp\/v2\/media?parent=335986"}],"wp:term":[{"taxonomy":"category","embeddable":true,"href":"https:\/\/www.notibras.com\/site\/wp-json\/wp\/v2\/categories?post=335986"},{"taxonomy":"post_tag","embeddable":true,"href":"https:\/\/www.notibras.com\/site\/wp-json\/wp\/v2\/tags?post=335986"}],"curies":[{"name":"wp","href":"https:\/\/api.w.org\/{rel}","templated":true}]}}