{"id":335991,"date":"2024-09-06T00:09:05","date_gmt":"2024-09-06T03:09:05","guid":{"rendered":"https:\/\/www.notibras.com\/site\/?p=335991"},"modified":"2024-09-06T00:31:33","modified_gmt":"2024-09-06T03:31:33","slug":"srag-e-covid-voltam-a-alagoas-ceara-paraiba-pernambuco-piaui-e-sergipe","status":"publish","type":"post","link":"https:\/\/www.notibras.com\/site\/srag-e-covid-voltam-a-alagoas-ceara-paraiba-pernambuco-piaui-e-sergipe\/","title":{"rendered":"Srag e Covid voltam a Alagoas, Cear\u00e1, Para\u00edba, Pernambuco, Piau\u00ed e Sergipe"},"content":{"rendered":"<p>O Boletim InfoGripe da Fiocruz mostra aumento dos casos de S\u00edndrome Respirat\u00f3ria Aguda Grave (SRAG) no pa\u00eds. Entre crian\u00e7as e adolescentes de at\u00e9 14 anos, o principal respons\u00e1vel \u00e9 o rinov\u00edrus. Nas demais faixas et\u00e1rias, o predom\u00ednio \u00e9 da Covid-19. Por outro lado, os casos de V\u00edrus Sincicial Respirat\u00f3rio (VSR) e influenza A mant\u00eam a tend\u00eancia de queda na maior parte do territ\u00f3rio. O estudo se refere \u00e0 Semana Epidemiol\u00f3gica de 25 a 31 de agosto.<\/p>\n<p>Segundo a Fiocruz, as concentra\u00e7\u00f5es dessas doen\u00e7as na regi\u00e3o Nordeste est\u00e3o mais fortes &#8211; o que gera preocupa\u00e7\u00e3o a m\u00e9dio prazo &#8211; em Alagoas, Cear\u00e1, Para\u00edba, Pernambuco, Piau\u00ed e Sergipe. A pesquisadora do Programa de Computa\u00e7\u00e3o Cient\u00edfica da Fiocruz e do Boletim InfoGripe, Tatiana Portella, refor\u00e7a a import\u00e2ncia da vacina\u00e7\u00e3o em dia contra a Covid-19 para todas as pessoas dos grupos de risco. E o cuidado para n\u00e3o transmitir o v\u00edrus.<\/p>\n<p>\u201cEm caso de aparecimento de sintomas, o recomendado \u00e9 ficar em isolamento em casa, inclusive as crian\u00e7as e adolescentes. Com a alta do rinov\u00edrus nessa faixa et\u00e1ria, caso apresentarem alguns sintomas de s\u00edndrome gripal, a orienta\u00e7\u00e3o \u00e9 ficar em casa e n\u00e3o ir para a escola. Se n\u00e3o for poss\u00edvel fazer esse isolamento, \u00e9 importante sair de casa usando uma boa m\u00e1scara, e claro, diante de aparecimento e piora dos sintomas, procurar atendimento m\u00e9dico\u201d, diz a pesquisadora.<\/p>\n<p>Este ano, em todo o pa\u00eds, foram registrados 7.370 \u00f3bitos, sendo 3.844 (52.2%) com resultado laboratorial positivo para algum v\u00edrus respirat\u00f3rio, 2.909 (39,5%) negativos, e ao menos 152 (2,1%) aguardando resultado laboratorial. Dentre os positivos do ano corrente, 30,2% foram influenza A; 0,8%, influenza B; 10,3%, VSR; e 50,8%, Sars-CoV-2 (Covid-19).<\/p>\n","protected":false},"excerpt":{"rendered":"<p>O Boletim InfoGripe da Fiocruz mostra aumento dos casos de S\u00edndrome Respirat\u00f3ria Aguda Grave (SRAG) no pa\u00eds. Entre crian\u00e7as e adolescentes de at\u00e9 14 anos, o principal respons\u00e1vel \u00e9 o rinov\u00edrus. Nas demais faixas et\u00e1rias, o predom\u00ednio \u00e9 da Covid-19. Por outro lado, os casos de V\u00edrus Sincicial Respirat\u00f3rio (VSR) e influenza A mant\u00eam a [&hellip;]<\/p>\n","protected":false},"author":2,"featured_media":335992,"comment_status":"closed","ping_status":"closed","sticky":false,"template":"","format":"standard","meta":{"_acf_changed":false,"footnotes":""},"categories":[165],"tags":[],"class_list":["post-335991","post","type-post","status-publish","format-standard","has-post-thumbnail","hentry","category-nordeste"],"acf":[],"_links":{"self":[{"href":"https:\/\/www.notibras.com\/site\/wp-json\/wp\/v2\/posts\/335991","targetHints":{"allow":["GET"]}}],"collection":[{"href":"https:\/\/www.notibras.com\/site\/wp-json\/wp\/v2\/posts"}],"about":[{"href":"https:\/\/www.notibras.com\/site\/wp-json\/wp\/v2\/types\/post"}],"author":[{"embeddable":true,"href":"https:\/\/www.notibras.com\/site\/wp-json\/wp\/v2\/users\/2"}],"replies":[{"embeddable":true,"href":"https:\/\/www.notibras.com\/site\/wp-json\/wp\/v2\/comments?post=335991"}],"version-history":[{"count":1,"href":"https:\/\/www.notibras.com\/site\/wp-json\/wp\/v2\/posts\/335991\/revisions"}],"predecessor-version":[{"id":335993,"href":"https:\/\/www.notibras.com\/site\/wp-json\/wp\/v2\/posts\/335991\/revisions\/335993"}],"wp:featuredmedia":[{"embeddable":true,"href":"https:\/\/www.notibras.com\/site\/wp-json\/wp\/v2\/media\/335992"}],"wp:attachment":[{"href":"https:\/\/www.notibras.com\/site\/wp-json\/wp\/v2\/media?parent=335991"}],"wp:term":[{"taxonomy":"category","embeddable":true,"href":"https:\/\/www.notibras.com\/site\/wp-json\/wp\/v2\/categories?post=335991"},{"taxonomy":"post_tag","embeddable":true,"href":"https:\/\/www.notibras.com\/site\/wp-json\/wp\/v2\/tags?post=335991"}],"curies":[{"name":"wp","href":"https:\/\/api.w.org\/{rel}","templated":true}]}}