{"id":336042,"date":"2024-09-06T00:00:09","date_gmt":"2024-09-06T03:00:09","guid":{"rendered":"https:\/\/www.notibras.com\/site\/?p=336042"},"modified":"2024-09-06T02:50:26","modified_gmt":"2024-09-06T05:50:26","slug":"embrapa-cerrados-marca-presenca-na-expoabra-brasilia-2024","status":"publish","type":"post","link":"https:\/\/www.notibras.com\/site\/embrapa-cerrados-marca-presenca-na-expoabra-brasilia-2024\/","title":{"rendered":"Embrapa Cerrados marca presen\u00e7a na Expoabra Bras\u00edlia 2024"},"content":{"rendered":"<p>Com palestra, participa\u00e7\u00e3o em evento da Rota da Fruticultura Ride-DF e exposi\u00e7\u00e3o de animais, a Embrapa Cerrados (DF) participa da Expoabra Bras\u00edlia 2024, feira agropecu\u00e1ria realizada no Parque da Granja do Torto, em Bras\u00edlia at\u00e9 o pr\u00f3ximo domingo (8). A expectativa dos organizadores \u00e9 de 150 mil pessoas presentes nos 10 dias de evento, iniciado em 30 de agosto, e movimento de R$ 6 milh\u00f5es em neg\u00f3cios.<\/p>\n<p>O centro de pesquisa est\u00e1 apresentando resultados das pesquisas em melhoramento gen\u00e9tico e reprodu\u00e7\u00e3o de bovinos de ra\u00e7as zebu\u00ednas leiteiras Gir, Guzer\u00e1 e Sindi desenvolvidos no Centro de Transfer\u00eancia de Tecnologias de Ra\u00e7as Zebu\u00ednas Leiteiras (CTZL), recentemente homenageado pela Associa\u00e7\u00e3o Brasileira dos Criadores de Zebu (ABCZ). No galp\u00e3o 13, ao lado do Tatersal Joaquim Roriz, os visitantes podem obter informa\u00e7\u00f5es sobre os trabalhos e conhecer, at\u00e9 esta sexta-feira (6), tr\u00eas animais Sindi BRGF, tr\u00eas Gir Leiteiro BRGY e uma f\u00eamea Guzer\u00e1 BRGK.<\/p>\n<p>Na \u00faltima ter\u00e7a-feira (3), a Embrapa Cerrados, junto com a Codevasf, a Emater DF, a FAPE DF e o Senar\/DF promoveram o Berry Day \u2013 Workshop Cen\u00e1rios Potenciais das Frutas Vermelhas no DF. O evento \u00e9 uma das a\u00e7\u00f5es da Rota da Fruticultura Ride-DF e do FRENTE (Programa de Inova\u00e7\u00e3o de Suporte \u00e0 Rota da Fruticultura da Regi\u00e3o Integrada de Desenvolvimento do DF e Entorno), liderado pelo centro de pesquisas.<\/p>\n<p>O evento foi realizado no audit\u00f3rio do Senar\/DF e teve a participa\u00e7\u00e3o da Embrapa Hortali\u00e7as (DF), com a apresenta\u00e7\u00e3o de a\u00e7\u00f5es de pesquisa e desenvolvimento relacionadas ao melhoramento gen\u00e9tico do morango, hidroponia, nutri\u00e7\u00e3o e fertirriga\u00e7\u00e3o. O evento contou, ainda, com a participa\u00e7\u00e3o de produtores de morango, mirtilo e a\u00e7a\u00ed, al\u00e9m de empres\u00e1rios ligados \u00e0 agroind\u00fastria de processamento e beneficiamento de frutas. Confira a grava\u00e7\u00e3o do evento aqui.<\/p>\n<p>J\u00e1 nessa quinta-feira (5), o chefe-adjunto de Transfer\u00eancia de Tecnologia da Unidade, F\u00e1bio Faleiro, participou do painel &#8220;Inova\u00e7\u00e3o Tecnol\u00f3gica no Agro&#8221; com a palestra &#8220;Apropria\u00e7\u00e3o tecnol\u00f3gica e desenvolvimento ambiental, econ\u00f4mico e social&#8221;. Ele falou da import\u00e2ncia da ci\u00eancia e da tecnologia para a agricultura brasileira, destacando a conquista do Cerrado por meio de solu\u00e7\u00f5es tecnol\u00f3gicas para o desenvolvimento de uma agricultura sustent\u00e1vel, que concilia a produ\u00e7\u00e3o com o uso racional dos recursos naturais.<\/p>\n<p>O pesquisador abordou, ainda, a import\u00e2ncia das a\u00e7\u00f5es de transfer\u00eancia de tecnologia, de assist\u00eancia t\u00e9cnica e extens\u00e3o rural e de pol\u00edticas p\u00fablicas que possibilitem a apropria\u00e7\u00e3o das tecnologias pelo setor produtivo, gerando impactos positivos do ponto de vista econ\u00f4mico, social e ambiental. Tamb\u00e9m participaram do painel os produtores Joe Valle, da Fazenda Malunga, e Aurelino Sampaio, da Cabr\u00edssima Queijaria Artesanal; os extensionistas Fabr\u00edcio Braga, da Emater DF, e Thiara Fernandes, da Emater-MG; e Eduardo Schulter, superintendente do Senar\/DF.<\/p>\n<p>Segundo Faleiro, a Embrapa Cerrados tem participado de todas edi\u00e7\u00f5es da Expoabra devido \u00e0 import\u00e2ncia do evento para a\u00e7\u00f5es de transfer\u00eancia de tecnologias desenvolvidas pela Unidade e para o fortalecimento das parcerias e alian\u00e7as estrat\u00e9gicas com a Emater-DF, o Senar\/DF, \u00f3rg\u00e3os do governo distrital e federal, cooperativas e associa\u00e7\u00f5es de produtores rurais e com o setor produtivo. &#8220;A Expoabra tem se consolidado como um dos maiores eventos da agropecu\u00e1ria na regi\u00e3o do Cerrado e a Embrapa tem contribu\u00eddo de forma importante com ci\u00eancia e solu\u00e7\u00f5es tecnol\u00f3gicas para o desenvolvimento e fortalecimento de uma agricultura competitiva e sustent\u00e1vel na regi\u00e3o&#8221;, afirma.<\/p>\n","protected":false},"excerpt":{"rendered":"<p>Com palestra, participa\u00e7\u00e3o em evento da Rota da Fruticultura Ride-DF e exposi\u00e7\u00e3o de animais, a Embrapa Cerrados (DF) participa da Expoabra Bras\u00edlia 2024, feira agropecu\u00e1ria realizada no Parque da Granja do Torto, em Bras\u00edlia at\u00e9 o pr\u00f3ximo domingo (8). A expectativa dos organizadores \u00e9 de 150 mil pessoas presentes nos 10 dias de evento, iniciado [&hellip;]<\/p>\n","protected":false},"author":2,"featured_media":336044,"comment_status":"closed","ping_status":"closed","sticky":false,"template":"","format":"standard","meta":{"_acf_changed":false,"footnotes":""},"categories":[161],"tags":[],"class_list":["post-336042","post","type-post","status-publish","format-standard","has-post-thumbnail","hentry","category-quadradinho-em-foco"],"acf":[],"_links":{"self":[{"href":"https:\/\/www.notibras.com\/site\/wp-json\/wp\/v2\/posts\/336042","targetHints":{"allow":["GET"]}}],"collection":[{"href":"https:\/\/www.notibras.com\/site\/wp-json\/wp\/v2\/posts"}],"about":[{"href":"https:\/\/www.notibras.com\/site\/wp-json\/wp\/v2\/types\/post"}],"author":[{"embeddable":true,"href":"https:\/\/www.notibras.com\/site\/wp-json\/wp\/v2\/users\/2"}],"replies":[{"embeddable":true,"href":"https:\/\/www.notibras.com\/site\/wp-json\/wp\/v2\/comments?post=336042"}],"version-history":[{"count":1,"href":"https:\/\/www.notibras.com\/site\/wp-json\/wp\/v2\/posts\/336042\/revisions"}],"predecessor-version":[{"id":336043,"href":"https:\/\/www.notibras.com\/site\/wp-json\/wp\/v2\/posts\/336042\/revisions\/336043"}],"wp:featuredmedia":[{"embeddable":true,"href":"https:\/\/www.notibras.com\/site\/wp-json\/wp\/v2\/media\/336044"}],"wp:attachment":[{"href":"https:\/\/www.notibras.com\/site\/wp-json\/wp\/v2\/media?parent=336042"}],"wp:term":[{"taxonomy":"category","embeddable":true,"href":"https:\/\/www.notibras.com\/site\/wp-json\/wp\/v2\/categories?post=336042"},{"taxonomy":"post_tag","embeddable":true,"href":"https:\/\/www.notibras.com\/site\/wp-json\/wp\/v2\/tags?post=336042"}],"curies":[{"name":"wp","href":"https:\/\/api.w.org\/{rel}","templated":true}]}}