{"id":336058,"date":"2024-09-07T02:28:21","date_gmt":"2024-09-07T05:28:21","guid":{"rendered":"https:\/\/www.notibras.com\/site\/?p=336058"},"modified":"2024-09-07T12:38:38","modified_gmt":"2024-09-07T15:38:38","slug":"fisiologismo-marca-os-deputados-nordestinos-no-comando-da-camara","status":"publish","type":"post","link":"https:\/\/www.notibras.com\/site\/fisiologismo-marca-os-deputados-nordestinos-no-comando-da-camara\/","title":{"rendered":"Fisiologismo marca os deputados nordestinos no comando da C\u00e2mara"},"content":{"rendered":"<p>Enquanto os mais de cinco mil munic\u00edpios brasileiros est\u00e3o mobilizados para elegerem em 6 de outubro seus prefeitos e vereadores, uma grande movimenta\u00e7\u00e3o pol\u00edtica em Bras\u00edlia, que n\u00e3o tem esses cargos a disputar, est\u00e1 mobilizando os 513 deputados federais para uma outra elei\u00e7\u00e3o, a do presidente da C\u00e2mara Federal, que ocorrer\u00e1 somente em fevereiro do pr\u00f3ximo ano.<\/p>\n<p>A escolha deve recair entre tr\u00eas deputados nordestinos &#8211; Hugo Motta (Republicanos-PB), Elmar Nascimento (Uni\u00e3o-BA) e o tamb\u00e9m baiano Antonio Brito (PSD) &#8211; que no momento buscam a b\u00ean\u00e7\u00e3o do atual presidente, o tamb\u00e9m nordestino Arthur Lira (PP-AL). Ainda corre por fora outro nordestino, o deputado Isnaldo Bulh\u00f5es J\u00fanior, do MDB de Alagoas.<\/p>\n<p>Al\u00e9m de nordestinos, esses deputados que buscam a Presid\u00eancia da C\u00e2mara t\u00eam em comum, assim como os outros sete conterr\u00e2neos que ocuparam o cargo desde a redemocratiza\u00e7\u00e3o do Pa\u00eds, em 1985, a marca do fisiologismo.<\/p>\n<p>Nesse per\u00edodo, ocuparam a cadeira de Lira os deputados nordestinos Paes de Andrade (PMDB-CE), Inoc\u00eancio Oliveira (PFL-PE), Lu\u00eds Eduardo (PFL-BA), Efraim Moraes (PFL-PB), Severino Cavalcanti (PP-PE), Henrique Eduardo Alves (PMDB-RN) e Waldir Maranh\u00e3o (PSDB-MA).<\/p>\n<p>Eles cultivam aquele tipo de poder pol\u00edtico sem cunho ideol\u00f3gico, onde predominam decis\u00f5es na troca de favores, no compadrio.<\/p>\n<p>Presidente da C\u00e2mara durante o governo Sarney, o que lhe fazia de vice-presidente da Rep\u00fablica, Paes de Andrade entrou para o folclore pol\u00edtico quando em uma das ocasi\u00f5es em que foi presidente interino foi no avi\u00e3o presidencial at\u00e9 Momba\u00e7a, sua cidade natal, em companhia de parentes, aliados e amigos.<\/p>\n<p>Tal qual Paes de Andrade, Inoc\u00eancio Oliveira exerceu interinamente a Presid\u00eancia da Rep\u00fablica durante o governo itamar Franco, que como Sarney tamb\u00e9m n\u00e3o tinha vice-presidente. Mas foi na vida privada que ele ocupou o notici\u00e1rio policial, quando em uma fazenda de sua propriedade, no Maranh\u00e3o, foram encontrados mais de 50 trabalhadores em situa\u00e7\u00e3o an\u00e1loga \u00e0 escravid\u00e3o. O deputado foi condenado ao pagamento de uma milion\u00e1ria multa, revertida ao Fundo de Amparo ao Trabalhador (FAT).<\/p>\n<p>Lu\u00eds Eduardo Magalh\u00e3es manteve em seu gabinete, sem dar expediente, uma secret\u00e1ria com quem teve um filho fruto de um relacionamento amoroso. Com a morte do deputado, em 1998, ela deixou a C\u00e2mara e foi contratada no gabinete do senador Ant\u00f4nio Carlos Magalh\u00e3es (Arena-BA), pai de Luis Eduardo, permanecendo por mais de uma d\u00e9cada como funcion\u00e1ria fantasma do Senado, de onde recebeu sal\u00e1rios cujo montante, \u00e0 \u00e9poca, totalizava R$ 1 milh\u00e3o.<\/p>\n<p>Efraim Moraes sempre cuidou bem da fam\u00edlia. Eleito senador, nomeou para a assessoria de imprensa do seu gabinete a pr\u00f3pria filha, Carolina. Mais tarde, no governo Bolsonaro, conseguiu a nomea\u00e7\u00e3o de Carolina para um cargo na Ancine (Ag\u00eancia Nacional de Cinema), como compensa\u00e7\u00e3o ap\u00f3s a aprova\u00e7\u00e3o da reforma da Previd\u00eancia Social pelo Congresso Nacional. Os dois filhos homens ele encaminhou para a sua carreira pol\u00edtica.<\/p>\n<p>Severino Cavalcanti, conhecido como &#8220;rei do baixo-clero&#8221;, chegou \u00e0 Presid\u00eancia da C\u00e2mara em meio a um racha do PT que tinha o deputado paulista Luis Eduardo Greenhalgh como candidato oficial. Foi eleito com a promessa de aumentar sal\u00e1rios e mordomias dos deputados, mas caiu em desgra\u00e7a quando o permission\u00e1rio do restaurante da C\u00e2mara denunciou que pagava a Cavalcanti uma mesada de R$ 10 mil reais para ter a concess\u00e3o do restaurante.<\/p>\n<p>Deputado por 44 anos, presidente da C\u00e2mara de 2013 a 2015, Henrique Eduardo Alves foi tamb\u00e9m ministro do Turismo nas gest\u00f5es de Dilma Rousseff e Michel Temer, quando deixou o cargo ap\u00f3s ser citado como benefici\u00e1rio de uma propina de R$ 1,5 milh\u00e3o na constru\u00e7\u00e3o da Arena das Dunas, em Natal, est\u00e1dio constru\u00eddo para a Copa do Mundo no Brasil, em 2014. Alves chegou a ser preso e contra ele pesavam outras acusa\u00e7\u00f5es de enriquecimento il\u00edcito.<\/p>\n<p>Com o afastamento de Eduardo Cunha (PMDB-RJ) da Presid\u00eancia da C\u00e2mara assumiu em seu lugar o maranhense Waldir Maranh\u00e3o. Embora tivesse votado contra o impeachment de Dilma, o deputado logo teve seu nome envolvido no esquema de desvio de dinheiro da Petrobras, citado pelo doleiro Alberto Youssef. Ele tamb\u00e9m foi acusado de desvio de dinheiro de fundos de pens\u00e3o e de lavagem de dinheiro, al\u00e9m de capta\u00e7\u00e3o il\u00edcita de recursos para a sua elei\u00e7\u00e3o.<\/p>\n","protected":false},"excerpt":{"rendered":"<p>Enquanto os mais de cinco mil munic\u00edpios brasileiros est\u00e3o mobilizados para elegerem em 6 de outubro seus prefeitos e vereadores, uma grande movimenta\u00e7\u00e3o pol\u00edtica em Bras\u00edlia, que n\u00e3o tem esses cargos a disputar, est\u00e1 mobilizando os 513 deputados federais para uma outra elei\u00e7\u00e3o, a do presidente da C\u00e2mara Federal, que ocorrer\u00e1 somente em fevereiro do [&hellip;]<\/p>\n","protected":false},"author":2,"featured_media":336059,"comment_status":"closed","ping_status":"closed","sticky":false,"template":"","format":"standard","meta":{"_acf_changed":false,"footnotes":""},"categories":[165],"tags":[95],"class_list":["post-336058","post","type-post","status-publish","format-standard","has-post-thumbnail","hentry","category-nordeste","tag-capa"],"acf":[],"_links":{"self":[{"href":"https:\/\/www.notibras.com\/site\/wp-json\/wp\/v2\/posts\/336058","targetHints":{"allow":["GET"]}}],"collection":[{"href":"https:\/\/www.notibras.com\/site\/wp-json\/wp\/v2\/posts"}],"about":[{"href":"https:\/\/www.notibras.com\/site\/wp-json\/wp\/v2\/types\/post"}],"author":[{"embeddable":true,"href":"https:\/\/www.notibras.com\/site\/wp-json\/wp\/v2\/users\/2"}],"replies":[{"embeddable":true,"href":"https:\/\/www.notibras.com\/site\/wp-json\/wp\/v2\/comments?post=336058"}],"version-history":[{"count":6,"href":"https:\/\/www.notibras.com\/site\/wp-json\/wp\/v2\/posts\/336058\/revisions"}],"predecessor-version":[{"id":336101,"href":"https:\/\/www.notibras.com\/site\/wp-json\/wp\/v2\/posts\/336058\/revisions\/336101"}],"wp:featuredmedia":[{"embeddable":true,"href":"https:\/\/www.notibras.com\/site\/wp-json\/wp\/v2\/media\/336059"}],"wp:attachment":[{"href":"https:\/\/www.notibras.com\/site\/wp-json\/wp\/v2\/media?parent=336058"}],"wp:term":[{"taxonomy":"category","embeddable":true,"href":"https:\/\/www.notibras.com\/site\/wp-json\/wp\/v2\/categories?post=336058"},{"taxonomy":"post_tag","embeddable":true,"href":"https:\/\/www.notibras.com\/site\/wp-json\/wp\/v2\/tags?post=336058"}],"curies":[{"name":"wp","href":"https:\/\/api.w.org\/{rel}","templated":true}]}}