{"id":336085,"date":"2024-09-07T00:00:23","date_gmt":"2024-09-07T03:00:23","guid":{"rendered":"https:\/\/www.notibras.com\/site\/?p=336085"},"modified":"2024-09-07T08:46:42","modified_gmt":"2024-09-07T11:46:42","slug":"lula-inaugura-sistema-de-brt-na-vizinha-em-goiania","status":"publish","type":"post","link":"https:\/\/www.notibras.com\/site\/lula-inaugura-sistema-de-brt-na-vizinha-em-goiania\/","title":{"rendered":"Lula inaugura sistema de BRT na vizinha Goi\u00e2nia"},"content":{"rendered":"<p>O presidente Luiz In\u00e1cio Lula da Silva inaugurou nesta sexta-feira (6) um trecho de 17 quil\u00f4metros do BRT Norte-Sul, em Goi\u00e2nia, o sistema r\u00e1pido de transporte p\u00fablico que deve atender, em m\u00e9dia, 50 mil passageiros por dia, na fase inicial das opera\u00e7\u00f5es. A obra contou com R$ 321,7 milh\u00f5es em investimentos, sendo R$ 140 milh\u00f5es da Uni\u00e3o e o restante da Prefeitura de Goi\u00e2nia.<\/p>\n<p>\u00c9 a primeira vez neste mandato que Lula visita a capital de Goi\u00e1s, que tem como governador Ronaldo Caiado, aliado do ex-presidente Jair Bolsonaro. \u201cTenho certeza de que os an\u00fancios aqui hoje s\u00e3o mais significativos do que as realiza\u00e7\u00f5es dos quatro anos do governo anterior para Goi\u00e1s\u201d, disse Lula. \u201cQuero agradecer a presen\u00e7a do vice-governador de Goi\u00e1s, Daniel Vilela, neste evento de inaugura\u00e7\u00e3o do primeiro trecho do BRT Norte-Sul de Goi\u00e2nia e pelos an\u00fancios importantes para a educa\u00e7\u00e3o. Um evento institucional para o povo goiano\u201d, acrescentou.<\/p>\n<p>De acordo com o governo, as \u00e1reas norte e noroeste de Goi\u00e2nia, mais afastadas do centro da capital, ser\u00e3o muito beneficiadas com o novo BRT pela sua rapidez, al\u00e9m do conforto e seguran\u00e7a. Todo o sistema tem c\u00e2meras de seguran\u00e7a com monitoramento 24 horas por dia, incluindo \u00f4nibus, terminais e esta\u00e7\u00f5es.<\/p>\n<p>Durante a cerim\u00f4nia, tamb\u00e9m foi assinada a portaria para sele\u00e7\u00e3o de proposta para compra de 125 novos \u00f4nibus com tecnologia Euro 6, um conjunto de normas que define os limites m\u00e1ximos de emiss\u00e3o de poluentes para motores a diesel. A aquisi\u00e7\u00e3o ocorre no \u00e2mbito do Novo Programa de Acelera\u00e7\u00e3o do Crescimento (PAC) \u2013 Mobilidade Urbana, no sub-eixo Renova\u00e7\u00e3o de Frota &#8211; Setor Privado e contar\u00e1 com financiamento de R$ 95,4 milh\u00f5es do Fundo de Garantia do Tempo de Servi\u00e7o (FGTS).<\/p>\n<p>O Minist\u00e9rio das Cidades tamb\u00e9m anunciou R$ 189,8 milh\u00f5es em investimentos no Minha Casa, Minha Vida, com a assinatura da portaria que autoriza a contrata\u00e7\u00e3o de 1.232 unidades habitacionais. A autoriza\u00e7\u00e3o beneficia a popula\u00e7\u00e3o dos munic\u00edpios de Rio Verde, Aparecida de Goi\u00e2nia e Goi\u00e2nia.<\/p>\n<p><strong>Educa\u00e7\u00e3o<\/strong><br \/>\nDurante o evento, tamb\u00e9m foram apresentados os investimentos do governo federal na educa\u00e7\u00e3o de Goi\u00e1s. Os recursos somam R$ 820 milh\u00f5es, provenientes do Novo PAC.<\/p>\n<p>Na educa\u00e7\u00e3o b\u00e1sica, ser\u00e3o feitos aportes de R$ 535,8 milh\u00f5es para aquisi\u00e7\u00e3o de \u00f4nibus escolares e constru\u00e7\u00e3o de creches e escolas de tempo integral. Ainda ser\u00e3o destinados recursos para melhorias na infraestrutura das universidades federais, um montante de R$ 142,4 milh\u00f5es.<\/p>\n<p>Para a consolida\u00e7\u00e3o e expans\u00e3o dos institutos federais no estado est\u00e3o sendo investidos R$ 141,8 milh\u00f5es.<\/p>\n<p>O presidente Lula lan\u00e7ou a pedra fundamental para a constru\u00e7\u00e3o de dois campi do Instituto Federal de Goi\u00e1s, nos munic\u00edpios de Quirin\u00f3polis e Cavalcante, e de um campus do Instituto Federal Goiano, em Porangatu.<\/p>\n","protected":false},"excerpt":{"rendered":"<p>O presidente Luiz In\u00e1cio Lula da Silva inaugurou nesta sexta-feira (6) um trecho de 17 quil\u00f4metros do BRT Norte-Sul, em Goi\u00e2nia, o sistema r\u00e1pido de transporte p\u00fablico que deve atender, em m\u00e9dia, 50 mil passageiros por dia, na fase inicial das opera\u00e7\u00f5es. A obra contou com R$ 321,7 milh\u00f5es em investimentos, sendo R$ 140 milh\u00f5es [&hellip;]<\/p>\n","protected":false},"author":2,"featured_media":336086,"comment_status":"closed","ping_status":"closed","sticky":false,"template":"","format":"standard","meta":{"_acf_changed":false,"footnotes":""},"categories":[161],"tags":[],"class_list":["post-336085","post","type-post","status-publish","format-standard","has-post-thumbnail","hentry","category-quadradinho-em-foco"],"acf":[],"_links":{"self":[{"href":"https:\/\/www.notibras.com\/site\/wp-json\/wp\/v2\/posts\/336085","targetHints":{"allow":["GET"]}}],"collection":[{"href":"https:\/\/www.notibras.com\/site\/wp-json\/wp\/v2\/posts"}],"about":[{"href":"https:\/\/www.notibras.com\/site\/wp-json\/wp\/v2\/types\/post"}],"author":[{"embeddable":true,"href":"https:\/\/www.notibras.com\/site\/wp-json\/wp\/v2\/users\/2"}],"replies":[{"embeddable":true,"href":"https:\/\/www.notibras.com\/site\/wp-json\/wp\/v2\/comments?post=336085"}],"version-history":[{"count":2,"href":"https:\/\/www.notibras.com\/site\/wp-json\/wp\/v2\/posts\/336085\/revisions"}],"predecessor-version":[{"id":336089,"href":"https:\/\/www.notibras.com\/site\/wp-json\/wp\/v2\/posts\/336085\/revisions\/336089"}],"wp:featuredmedia":[{"embeddable":true,"href":"https:\/\/www.notibras.com\/site\/wp-json\/wp\/v2\/media\/336086"}],"wp:attachment":[{"href":"https:\/\/www.notibras.com\/site\/wp-json\/wp\/v2\/media?parent=336085"}],"wp:term":[{"taxonomy":"category","embeddable":true,"href":"https:\/\/www.notibras.com\/site\/wp-json\/wp\/v2\/categories?post=336085"},{"taxonomy":"post_tag","embeddable":true,"href":"https:\/\/www.notibras.com\/site\/wp-json\/wp\/v2\/tags?post=336085"}],"curies":[{"name":"wp","href":"https:\/\/api.w.org\/{rel}","templated":true}]}}