{"id":336109,"date":"2024-09-08T04:46:34","date_gmt":"2024-09-08T07:46:34","guid":{"rendered":"https:\/\/www.notibras.com\/site\/?p=336109"},"modified":"2024-09-08T07:46:08","modified_gmt":"2024-09-08T10:46:08","slug":"pascacio-e-pacovio-gemeos-apenas-no-sobrenome","status":"publish","type":"post","link":"https:\/\/www.notibras.com\/site\/pascacio-e-pacovio-gemeos-apenas-no-sobrenome\/","title":{"rendered":"Pasc\u00e1cio e Pac\u00f3vio, g\u00eameos apenas no sobrenome"},"content":{"rendered":"<p>Pasc\u00e1cio e Pac\u00f3vio, cujo parentesco era nenhum, pareciam g\u00eameos, tamanha a coincid\u00eancia do sobrenome que carregavam: Mentecapto. Coincid\u00eancia ou artimanha do destino, aqueles dois estultos, que, dependendo do \u00e2ngulo obtuso, poderiam ser facilmente confundidos por n\u00e9scios, gastavam os ouvidos alheios com bobices sem tamanho.<\/p>\n<p>N\u00e3o se sabe ao certo se Pasc\u00e1cio e Pac\u00f3vio eram ineptos por natureza ou, ent\u00e3o, a natureza os havia feito ignaros para que os dois tivessem uma sobrevida. Como mam\u00e3e sempre disse, sortudos s\u00e3o os tolos que desconhecem a pr\u00f3pria tolice. Nem precisam buscar algo que n\u00e3o possuem e, por isso mesmo, s\u00e3o facilmente adestr\u00e1veis.<\/p>\n<p>Mas n\u00e3o pense voc\u00ea que Pasc\u00e1cio e Pac\u00f3vio n\u00e3o possu\u00edam utilidade. Aqueles dois eram ideais para o sistema se manter firme. Aceitavam tudo sem contestar, pois o mundo sempre fora daquele jeito e, reclamar, s\u00f3 traria problemas.<\/p>\n<p>O \u00f3bvio \u00e9 \u00f3bvio. Deus ajuda quem madruga. Heran\u00e7a \u00e9 meritocracia. O trabalho engrandece o homem. Pra que dar baculejo em branco, se as estat\u00edsticas mostram que s\u00f3 preto \u00e9 bandido?<\/p>\n<p>Senta! Sentou. Deita! Deitou. Rola! Rolou. Morto! Morreu. Deixou saudade.<\/p>\n<p><strong>*Eduardo Mart\u00ednez \u00e9 autor do livro \u201c57 Contos e Cr\u00f4nicas por um Autor muito Velho\u201d.<\/strong><\/p>\n<p>Compre aqui\u00a0<span class=\"x19la9d6 x1fc57z9 x6ikm8r x10wlt62 x19co3pv x1g5zs5t xfibh0p xiy17q3 x1xsqp64 x1lkfr7t xexx8yu x4uap5 x18d9i69 xkhd6sd\"><span class=\"xrtxmta x1bhl96m\"><img decoding=\"async\" class=\"emoji\" role=\"img\" draggable=\"false\" src=\"https:\/\/s.w.org\/images\/core\/emoji\/14.0.0\/svg\/1f447-1f3ff.svg\" alt=\"&#x1f447;&#x1f3ff;\" \/><\/span><\/span><span class=\"x19la9d6 x1fc57z9 x6ikm8r x10wlt62 x19co3pv x1g5zs5t xfibh0p xiy17q3 x1xsqp64 x1lkfr7t xexx8yu x4uap5 x18d9i69 xkhd6sd\"><span class=\"xrtxmta x1bhl96m\"><img decoding=\"async\" class=\"emoji\" role=\"img\" draggable=\"false\" src=\"https:\/\/s.w.org\/images\/core\/emoji\/14.0.0\/svg\/1f447-1f3ff.svg\" alt=\"&#x1f447;&#x1f3ff;\" \/><\/span><\/span><span class=\"x19la9d6 x1fc57z9 x6ikm8r x10wlt62 x19co3pv x1g5zs5t xfibh0p xiy17q3 x1xsqp64 x1lkfr7t xexx8yu x4uap5 x18d9i69 xkhd6sd\"><span class=\"xrtxmta x1bhl96m\"><img decoding=\"async\" class=\"emoji\" role=\"img\" draggable=\"false\" src=\"https:\/\/s.w.org\/images\/core\/emoji\/14.0.0\/svg\/1f447-1f3ff.svg\" alt=\"&#x1f447;&#x1f3ff;\" \/><\/span><\/span><\/p>\n<p><a href=\"http:\/\/www.joanineditora.com.br\/57-contos-e-cronicas-por-um-autor-muito-velho\">http:\/\/www.joanineditora.com.br\/57-contos-e-cronicas-por-um-autor-muito-velho<\/a><\/p>\n","protected":false},"excerpt":{"rendered":"<p>Pasc\u00e1cio e Pac\u00f3vio, cujo parentesco era nenhum, pareciam g\u00eameos, tamanha a coincid\u00eancia do sobrenome que carregavam: Mentecapto. Coincid\u00eancia ou artimanha do destino, aqueles dois estultos, que, dependendo do \u00e2ngulo obtuso, poderiam ser facilmente confundidos por n\u00e9scios, gastavam os ouvidos alheios com bobices sem tamanho. N\u00e3o se sabe ao certo se Pasc\u00e1cio e Pac\u00f3vio eram ineptos [&hellip;]<\/p>\n","protected":false},"author":2,"featured_media":336110,"comment_status":"closed","ping_status":"closed","sticky":false,"template":"","format":"standard","meta":{"_acf_changed":false,"footnotes":""},"categories":[161],"tags":[],"class_list":["post-336109","post","type-post","status-publish","format-standard","has-post-thumbnail","hentry","category-quadradinho-em-foco"],"acf":[],"_links":{"self":[{"href":"https:\/\/www.notibras.com\/site\/wp-json\/wp\/v2\/posts\/336109","targetHints":{"allow":["GET"]}}],"collection":[{"href":"https:\/\/www.notibras.com\/site\/wp-json\/wp\/v2\/posts"}],"about":[{"href":"https:\/\/www.notibras.com\/site\/wp-json\/wp\/v2\/types\/post"}],"author":[{"embeddable":true,"href":"https:\/\/www.notibras.com\/site\/wp-json\/wp\/v2\/users\/2"}],"replies":[{"embeddable":true,"href":"https:\/\/www.notibras.com\/site\/wp-json\/wp\/v2\/comments?post=336109"}],"version-history":[{"count":2,"href":"https:\/\/www.notibras.com\/site\/wp-json\/wp\/v2\/posts\/336109\/revisions"}],"predecessor-version":[{"id":336119,"href":"https:\/\/www.notibras.com\/site\/wp-json\/wp\/v2\/posts\/336109\/revisions\/336119"}],"wp:featuredmedia":[{"embeddable":true,"href":"https:\/\/www.notibras.com\/site\/wp-json\/wp\/v2\/media\/336110"}],"wp:attachment":[{"href":"https:\/\/www.notibras.com\/site\/wp-json\/wp\/v2\/media?parent=336109"}],"wp:term":[{"taxonomy":"category","embeddable":true,"href":"https:\/\/www.notibras.com\/site\/wp-json\/wp\/v2\/categories?post=336109"},{"taxonomy":"post_tag","embeddable":true,"href":"https:\/\/www.notibras.com\/site\/wp-json\/wp\/v2\/tags?post=336109"}],"curies":[{"name":"wp","href":"https:\/\/api.w.org\/{rel}","templated":true}]}}