{"id":336115,"date":"2024-09-07T23:17:16","date_gmt":"2024-09-08T02:17:16","guid":{"rendered":"https:\/\/www.notibras.com\/site\/?p=336115"},"modified":"2024-09-07T23:22:34","modified_gmt":"2024-09-08T02:22:34","slug":"grito-dos-excluidos-reforca-a-resistencia-popular","status":"publish","type":"post","link":"https:\/\/www.notibras.com\/site\/grito-dos-excluidos-reforca-a-resistencia-popular\/","title":{"rendered":"Grito dos Exclu\u00eddos refor\u00e7a a resist\u00eancia popular"},"content":{"rendered":"<p>Movimentos sociais, comunidades, grupos populares de diferentes lugares, religi\u00f5es e que resistem nas mais diversas lutas ganharam as ruas em todo o pa\u00eds, para dar voz ao Grito dos Exclu\u00eddos neste 7 de setembro. O movimento, que completa 30 anos, trouxe em 2024 a reflex\u00e3o \u201cVida em primeiro lugar: todas as formas de vida importam. Mas quem se importa?\u201d<\/p>\n<p>A presidente da Associa\u00e7\u00e3o de Catadores e Catadoras de Materiais Recicl\u00e1veis e Reutiliz\u00e1veis do Cerrado, Raimunda Nonata de Souza e Silva, conhecida como Joelma, refor\u00e7a que a vida dos catadores importa, por isso defende mais aten\u00e7\u00e3o \u00e0s demandas desses trabalhadores.<\/p>\n<p>\u201cN\u00f3s salvamos a natureza, salvamos vidas, mas \u00e9 preciso que nos enxerguem, que sejamos vistos nos nossos diretos, na sa\u00fade, que tenhamos um valor digno dos catadores. Hoje trabalhamos no sol, ganhamos o terreno do governo federal, mas precisamos de um galp\u00e3o pra ter dignidade.\u201d<\/p>\n<p>A representante da Plen\u00e1ria Mulheres Negras na Pol\u00edtica, pastora Wall Moraes deu voz ao debate sobre a representatividade feminina nos fundos eleitorais e partid\u00e1rios.<\/p>\n<p>\u201cQuero chamar a aten\u00e7\u00e3o de todos os movimentos e coletivos das cinco regi\u00f5es brasileiras que de nada adianta aumentarmos as candidaturas de mulheres, as candidaturas de negras se elas n\u00e3o recebem o dinheiro p\u00fablico do fundo partid\u00e1rio e o fundo eleitoral, que 30% \u00e9 para elas financiarem as suas campanhas\u201d, reivindicou.<\/p>\n<p>Segundo Vanildes Gon\u00e7alves dos Santos, representante do Centro de Estudos B\u00edblicos da Universidade Cat\u00f3lica de Bras\u00edlia, que integra a organiza\u00e7\u00e3o do movimento, em Bras\u00edlia, mais de 40 organiza\u00e7\u00f5es participaram este ano do ato. Na 30\u00aa edi\u00e7\u00e3o, a mobiliza\u00e7\u00e3o est\u00e1 sendo chamada pelos organizadores de Grito dos Exclu\u00eddos, Exclu\u00eddas e Exclu\u00eddes.<\/p>\n<p>\u201c\u00c9 um grito que nasce dentro da Igreja Cat\u00f3lica Apost\u00f3lica Romana, da CNBB [Confer\u00eancia Nacional dos Bispos do Brasil], da CRB [Confer\u00eancia dos Religiosos do Brasil], mas que re\u00fane em torno delas o movimento ecum\u00eanico, inter-religioso, social nesses anos todos de luta.\u201d<\/p>\n<p><strong>Projeto para o Brasil<\/strong><br \/>\nCriado na 2\u00aa Semana Social Brasileira, promovida pela CNBB em 1994, o Grito dos Exclu\u00eddos surgiu de uma reflex\u00e3o da Igreja com os movimentos populares sobre a constru\u00e7\u00e3o de um Brasil mais inclusivo<\/p>\n<p>\u201cFicou evidente que a p\u00e1tria que celebra todos os 7 de Setembro n\u00e3o est\u00e1 sendo uma p\u00e1tria capaz de incluir uma grande categoria de pessoas. O nosso pa\u00eds segue com uma profunda desigualdade no que se refere especialmente ao direito das pessoas \u00e0 casa, ao trabalho, a uma terra para viver e a todos os direitos\u201d, destacou o padre D\u00e1rio Bossi, assessor da Comiss\u00e3o Episcopal para A\u00e7\u00e3o Sociotransformadora da CNBB.<\/p>\n<p>De acordo com Bossi, o Grito dos Exclu\u00eddos representa um \u201cprojeto do Brasil que queremos\u201d, constru\u00eddo a partir de uma unidade gerada por diversas express\u00f5es religiosas que se unem \u00e0 causa dos movimentos populares e sindicatos. \u201cA Igreja assume, com seriedade, o pedido que o papa Francisco fez para que haja um maior di\u00e1logo com os movimentos populares. O papa reconhece que os movimentos populares, mesmo n\u00e3o necessariamente inspirados por raz\u00f5es ou espiritualidade religiosa, t\u00eam uma carga de compromisso para o bem-estar do coletivo, para o bem comum, que precisa ser valorizado. O papa chama os movimentos populares de poetas sociais\u201d, ressaltou.<\/p>\n<p><strong>Bem viver<\/strong><br \/>\nO Grito dos Exclu\u00eddos \u00e9 um dia dessa integra\u00e7\u00e3o, que, segundo padre D\u00e1rio, \u00e9 cont\u00ednua, a exemplo de iniciativas como o Projeto Popular Brasil que Queremos: o Bem Viver dos Povos, lan\u00e7ado dentro da programa\u00e7\u00e3o da 6\u00aa Semana Social Brasileira (2020-2024), em agosto passado.<\/p>\n<p>O projeto chama \u00e0 reflex\u00e3o coletiva para a constru\u00e7\u00e3o de iniciativas de afirma\u00e7\u00e3o da agroecologia, de conviv\u00eancia das comunidades com a seca, projetos urbanos, nas periferias urbanas, de cozinhas comunit\u00e1rias, de combate \u00e0 fome, de organiza\u00e7\u00e3o popular pelo direito \u00e0 casa, projetos tamb\u00e9m que provocam e estimulam a reforma agr\u00e1ria, direito das comunidades e das fam\u00edlias de terem uma terra onde trabalhar.<\/p>\n<p>\u201cEssa ideia de um projeto popular \u00e9 de fato dar voz \u00e0s in\u00fameras iniciativas que existem na base, nas comunidades, nos territ\u00f3rios de nosso pa\u00eds e que tem valorizado a capacidade de as comunidades se organizarem, apesar, muitas vezes, como digo, da exclus\u00e3o de que sofrem\u201d, concluiu Bossi.<\/p>\n","protected":false},"excerpt":{"rendered":"<p>Movimentos sociais, comunidades, grupos populares de diferentes lugares, religi\u00f5es e que resistem nas mais diversas lutas ganharam as ruas em todo o pa\u00eds, para dar voz ao Grito dos Exclu\u00eddos neste 7 de setembro. O movimento, que completa 30 anos, trouxe em 2024 a reflex\u00e3o \u201cVida em primeiro lugar: todas as formas de vida importam. [&hellip;]<\/p>\n","protected":false},"author":2,"featured_media":336116,"comment_status":"closed","ping_status":"closed","sticky":false,"template":"","format":"standard","meta":{"_acf_changed":false,"footnotes":""},"categories":[161],"tags":[],"class_list":["post-336115","post","type-post","status-publish","format-standard","has-post-thumbnail","hentry","category-quadradinho-em-foco"],"acf":[],"_links":{"self":[{"href":"https:\/\/www.notibras.com\/site\/wp-json\/wp\/v2\/posts\/336115","targetHints":{"allow":["GET"]}}],"collection":[{"href":"https:\/\/www.notibras.com\/site\/wp-json\/wp\/v2\/posts"}],"about":[{"href":"https:\/\/www.notibras.com\/site\/wp-json\/wp\/v2\/types\/post"}],"author":[{"embeddable":true,"href":"https:\/\/www.notibras.com\/site\/wp-json\/wp\/v2\/users\/2"}],"replies":[{"embeddable":true,"href":"https:\/\/www.notibras.com\/site\/wp-json\/wp\/v2\/comments?post=336115"}],"version-history":[{"count":2,"href":"https:\/\/www.notibras.com\/site\/wp-json\/wp\/v2\/posts\/336115\/revisions"}],"predecessor-version":[{"id":336118,"href":"https:\/\/www.notibras.com\/site\/wp-json\/wp\/v2\/posts\/336115\/revisions\/336118"}],"wp:featuredmedia":[{"embeddable":true,"href":"https:\/\/www.notibras.com\/site\/wp-json\/wp\/v2\/media\/336116"}],"wp:attachment":[{"href":"https:\/\/www.notibras.com\/site\/wp-json\/wp\/v2\/media?parent=336115"}],"wp:term":[{"taxonomy":"category","embeddable":true,"href":"https:\/\/www.notibras.com\/site\/wp-json\/wp\/v2\/categories?post=336115"},{"taxonomy":"post_tag","embeddable":true,"href":"https:\/\/www.notibras.com\/site\/wp-json\/wp\/v2\/tags?post=336115"}],"curies":[{"name":"wp","href":"https:\/\/api.w.org\/{rel}","templated":true}]}}