{"id":336120,"date":"2024-09-08T05:18:31","date_gmt":"2024-09-08T08:18:31","guid":{"rendered":"https:\/\/www.notibras.com\/site\/?p=336120"},"modified":"2024-09-08T08:25:37","modified_gmt":"2024-09-08T11:25:37","slug":"pernambuco-e-terceiro-na-lista-do-assedio-sexual","status":"publish","type":"post","link":"https:\/\/www.notibras.com\/site\/pernambuco-e-terceiro-na-lista-do-assedio-sexual\/","title":{"rendered":"Pernambuco \u00e9 terceiro na lista do ass\u00e9dio sexual"},"content":{"rendered":"<p>Ouvidorias de 173 \u00f3rg\u00e3os p\u00fablicos federais, como minist\u00e9rios, universidades, hospitais, empresas estatais e autarquias, registraram neste ano 571 den\u00fancias e reclama\u00e7\u00f5es de ass\u00e9dio sexual.<\/p>\n<p>O n\u00famero consta no painel \u201cResolveu?\u201d, da Controladoria-Geral da Uni\u00e3o (CGU). Mais de 97% das manifesta\u00e7\u00f5es s\u00e3o den\u00fancias, e 2,5%, reclama\u00e7\u00f5es.<\/p>\n<p>A lista \u00e9 puxada pela Universidade Federal de Rond\u00f4nia (32 registros), pelo Minist\u00e9rio da Sa\u00fade (23), pela Universidade Federal de Pernambuco (20) e pela pr\u00f3pria CGU (20).<\/p>\n<p>A rela\u00e7\u00e3o segue com manifesta\u00e7\u00f5es origin\u00e1rias do Complexo Hospitalar de Cl\u00ednicas da Universidade Federal do Paran\u00e1 e do Minist\u00e9rio da Ci\u00eancia, Tecnologia e Inova\u00e7\u00e3o, cada um com 11 casos. A Universidade Federal do Rio de Janeiro tem dez ocorr\u00eancias. A universidade Federal do Cear\u00e1 e o Minist\u00e9rio das Mulheres, nove registros cada.<\/p>\n<p>O Comando da Aeron\u00e1utica, a Universidade Federal do Par\u00e1 e a Universidade de Bras\u00edlia, com oito ocorr\u00eancias cada, formam a lista das institui\u00e7\u00f5es com mais den\u00fancias e reclama\u00e7\u00f5es.<\/p>\n<p>Cerca de 60% dos registros no painel da CGU identificam o tipo de den\u00fancia. A maioria \u00e9 de \u201cconduta de natureza sexual\u201d. No m\u00eas de agosto, houve alta de registros, com 122 casos ou 21% das ocorr\u00eancias anotadas pelas ouvidorias de \u00f3rg\u00e3os p\u00fablicos federais.<\/p>\n<p>H\u00e1 pouca informa\u00e7\u00e3o sobre os denunciantes e reclamantes. Tr\u00eas quartos n\u00e3o informaram a localiza\u00e7\u00e3o ou a cor. Entre as 88 pessoas que identificaram sexo, 66 eram mulheres (75%) e 22 eram homens. Voc\u00ea pode acessar o painel aqui.<\/p>\n<p>Na sexta-feira (6) \u00e0 noite, o presidente Luiz In\u00e1cio Lula da Silva demitiu o ministro dos Direitos Humanos e Cidadania (MDH), Silvio Almeida, depois de den\u00fancias de ass\u00e9dio sexual. N\u00e3o h\u00e1, at\u00e9 o momento, nenhuma den\u00fancia ou reclama\u00e7\u00e3o de ass\u00e9dio sexual no MDH registrado no painel \u201cResolveu?\u201d, da Controladoria-Geral da Uni\u00e3o.<\/p>\n","protected":false},"excerpt":{"rendered":"<p>Ouvidorias de 173 \u00f3rg\u00e3os p\u00fablicos federais, como minist\u00e9rios, universidades, hospitais, empresas estatais e autarquias, registraram neste ano 571 den\u00fancias e reclama\u00e7\u00f5es de ass\u00e9dio sexual. O n\u00famero consta no painel \u201cResolveu?\u201d, da Controladoria-Geral da Uni\u00e3o (CGU). Mais de 97% das manifesta\u00e7\u00f5es s\u00e3o den\u00fancias, e 2,5%, reclama\u00e7\u00f5es. A lista \u00e9 puxada pela Universidade Federal de Rond\u00f4nia (32 [&hellip;]<\/p>\n","protected":false},"author":2,"featured_media":123862,"comment_status":"closed","ping_status":"closed","sticky":false,"template":"","format":"standard","meta":{"_acf_changed":false,"footnotes":""},"categories":[165],"tags":[],"class_list":["post-336120","post","type-post","status-publish","format-standard","has-post-thumbnail","hentry","category-nordeste"],"acf":[],"_links":{"self":[{"href":"https:\/\/www.notibras.com\/site\/wp-json\/wp\/v2\/posts\/336120","targetHints":{"allow":["GET"]}}],"collection":[{"href":"https:\/\/www.notibras.com\/site\/wp-json\/wp\/v2\/posts"}],"about":[{"href":"https:\/\/www.notibras.com\/site\/wp-json\/wp\/v2\/types\/post"}],"author":[{"embeddable":true,"href":"https:\/\/www.notibras.com\/site\/wp-json\/wp\/v2\/users\/2"}],"replies":[{"embeddable":true,"href":"https:\/\/www.notibras.com\/site\/wp-json\/wp\/v2\/comments?post=336120"}],"version-history":[{"count":3,"href":"https:\/\/www.notibras.com\/site\/wp-json\/wp\/v2\/posts\/336120\/revisions"}],"predecessor-version":[{"id":336123,"href":"https:\/\/www.notibras.com\/site\/wp-json\/wp\/v2\/posts\/336120\/revisions\/336123"}],"wp:featuredmedia":[{"embeddable":true,"href":"https:\/\/www.notibras.com\/site\/wp-json\/wp\/v2\/media\/123862"}],"wp:attachment":[{"href":"https:\/\/www.notibras.com\/site\/wp-json\/wp\/v2\/media?parent=336120"}],"wp:term":[{"taxonomy":"category","embeddable":true,"href":"https:\/\/www.notibras.com\/site\/wp-json\/wp\/v2\/categories?post=336120"},{"taxonomy":"post_tag","embeddable":true,"href":"https:\/\/www.notibras.com\/site\/wp-json\/wp\/v2\/tags?post=336120"}],"curies":[{"name":"wp","href":"https:\/\/api.w.org\/{rel}","templated":true}]}}