{"id":336134,"date":"2024-09-08T05:11:31","date_gmt":"2024-09-08T08:11:31","guid":{"rendered":"https:\/\/www.notibras.com\/site\/?p=336134"},"modified":"2024-09-08T09:12:26","modified_gmt":"2024-09-08T12:12:26","slug":"descrenca-do-eleitor-pode-provocar-abstencao-recorde","status":"publish","type":"post","link":"https:\/\/www.notibras.com\/site\/descrenca-do-eleitor-pode-provocar-abstencao-recorde\/","title":{"rendered":"Descren\u00e7a do eleitor pode provocar absten\u00e7\u00e3o recorde"},"content":{"rendered":"<p>A descren\u00e7a do eleitor \u00e9 um tema recorrente nas an\u00e1lises pol\u00edticas, especialmente em \u00e9pocas de elei\u00e7\u00e3o. No Nordeste, um dos maiores col\u00e9gios eleitorais do Brasil, esse fen\u00f4meno pode ter impacto significativo nas elei\u00e7\u00f5es municipais de outubro. Com uma popula\u00e7\u00e3o historicamente engajada na pol\u00edtica, a regi\u00e3o tem demonstrado sinais de des\u00e2nimo, refletidos no crescente n\u00famero de eleitores que se sentem distantes ou desconfiados do processo pol\u00edtico.<\/p>\n<p>Fatores como corrup\u00e7\u00e3o, promessas n\u00e3o cumpridas e o desgaste de lideran\u00e7as locais t\u00eam alimentado essa sensa\u00e7\u00e3o de descr\u00e9dito. Muitos eleitores, desencantados com as op\u00e7\u00f5es dispon\u00edveis, optam por se abster do processo eleitoral, seja por n\u00e3o acreditar que seu voto far\u00e1 diferen\u00e7a, seja por falta de confian\u00e7a nas institui\u00e7\u00f5es.<\/p>\n<p>Essa tend\u00eancia pode resultar em uma absten\u00e7\u00e3o recorde nas elei\u00e7\u00f5es municipais. Em contextos de baixa participa\u00e7\u00e3o, os resultados podem ser decididos por uma parcela menor e menos representativa do eleitorado, o que levanta quest\u00f5es sobre a legitimidade das escolhas feitas em urnas esvaziadas.<\/p>\n<p>A absten\u00e7\u00e3o crescente no Nordeste \u00e9, em \u00faltima an\u00e1lise, um reflexo da crise de representatividade que afeta todo o pa\u00eds. Para reverter esse cen\u00e1rio, ser\u00e1 necess\u00e1rio um esfor\u00e7o conjunto de l\u00edderes pol\u00edticos, institui\u00e7\u00f5es e da sociedade civil para restaurar a confian\u00e7a no processo democr\u00e1tico. Caso contr\u00e1rio, a tend\u00eancia \u00e9 que esse afastamento se intensifique, com impactos profundos na qualidade da democracia local.<\/p>\n","protected":false},"excerpt":{"rendered":"<p>A descren\u00e7a do eleitor \u00e9 um tema recorrente nas an\u00e1lises pol\u00edticas, especialmente em \u00e9pocas de elei\u00e7\u00e3o. No Nordeste, um dos maiores col\u00e9gios eleitorais do Brasil, esse fen\u00f4meno pode ter impacto significativo nas elei\u00e7\u00f5es municipais de outubro. Com uma popula\u00e7\u00e3o historicamente engajada na pol\u00edtica, a regi\u00e3o tem demonstrado sinais de des\u00e2nimo, refletidos no crescente n\u00famero de [&hellip;]<\/p>\n","protected":false},"author":2,"featured_media":290996,"comment_status":"closed","ping_status":"closed","sticky":false,"template":"","format":"standard","meta":{"_acf_changed":false,"footnotes":""},"categories":[165],"tags":[],"class_list":["post-336134","post","type-post","status-publish","format-standard","has-post-thumbnail","hentry","category-nordeste"],"acf":[],"_links":{"self":[{"href":"https:\/\/www.notibras.com\/site\/wp-json\/wp\/v2\/posts\/336134","targetHints":{"allow":["GET"]}}],"collection":[{"href":"https:\/\/www.notibras.com\/site\/wp-json\/wp\/v2\/posts"}],"about":[{"href":"https:\/\/www.notibras.com\/site\/wp-json\/wp\/v2\/types\/post"}],"author":[{"embeddable":true,"href":"https:\/\/www.notibras.com\/site\/wp-json\/wp\/v2\/users\/2"}],"replies":[{"embeddable":true,"href":"https:\/\/www.notibras.com\/site\/wp-json\/wp\/v2\/comments?post=336134"}],"version-history":[{"count":1,"href":"https:\/\/www.notibras.com\/site\/wp-json\/wp\/v2\/posts\/336134\/revisions"}],"predecessor-version":[{"id":336135,"href":"https:\/\/www.notibras.com\/site\/wp-json\/wp\/v2\/posts\/336134\/revisions\/336135"}],"wp:featuredmedia":[{"embeddable":true,"href":"https:\/\/www.notibras.com\/site\/wp-json\/wp\/v2\/media\/290996"}],"wp:attachment":[{"href":"https:\/\/www.notibras.com\/site\/wp-json\/wp\/v2\/media?parent=336134"}],"wp:term":[{"taxonomy":"category","embeddable":true,"href":"https:\/\/www.notibras.com\/site\/wp-json\/wp\/v2\/categories?post=336134"},{"taxonomy":"post_tag","embeddable":true,"href":"https:\/\/www.notibras.com\/site\/wp-json\/wp\/v2\/tags?post=336134"}],"curies":[{"name":"wp","href":"https:\/\/api.w.org\/{rel}","templated":true}]}}