{"id":336136,"date":"2024-09-08T00:00:21","date_gmt":"2024-09-08T03:00:21","guid":{"rendered":"https:\/\/www.notibras.com\/site\/?p=336136"},"modified":"2024-09-08T09:23:46","modified_gmt":"2024-09-08T12:23:46","slug":"publico-destaca-carater-plural-do-desfile-de-7-de-setembro","status":"publish","type":"post","link":"https:\/\/www.notibras.com\/site\/publico-destaca-carater-plural-do-desfile-de-7-de-setembro\/","title":{"rendered":"P\u00fablico destaca car\u00e1ter plural do desfile de 7 de Setembro"},"content":{"rendered":"<p>Milhares de pessoas se espalharam ao longo da Esplanada dos Minist\u00e9rios para prestigiar o desfile de 7 de setembro, dia da Independ\u00eancia do Brasil. Sob sol forte e com a umidade do ar baixa j\u00e1 \u00e0s 10h, o p\u00fablico ocupou cada espa\u00e7o sombreado de onde podia assistir ao tradicional desfile c\u00edvico-militar, incluindo a apresenta\u00e7\u00e3o da Esquadrilha da Fuma\u00e7a e a homenagem a cidad\u00e3os, servidores p\u00fablicos e \u00f3rg\u00e3os que atuam na reconstru\u00e7\u00e3o do Rio Grande do Sul, recentemente afetado pela maior trag\u00e9dia clim\u00e1tica da hist\u00f3ria do pa\u00eds.<\/p>\n<p>A Pol\u00edcia Militar do Distrito Federal n\u00e3o divulga estimativa de p\u00fablico. Mas pessoas que costumam frequentar o evento na capital federal disseram \u00e0 Ag\u00eancia Brasil que tiveram a impress\u00e3o de que, este ano, havia menos p\u00fablico. Destacaram, tamb\u00e9m, um car\u00e1ter mais diverso da cerim\u00f4nia.<\/p>\n<p>Moradora de Bras\u00edlia h\u00e1 quase 30 anos, a geront\u00f3loga Ana L\u00facia Carna\u00faba \u00e9 frequentadora ass\u00eddua do desfile, e tamb\u00e9m do Grito dos Exclu\u00eddos, organizado por movimentos sociais, em contraponto ao evento oficial. \u201cNa minha concep\u00e7\u00e3o, [a celebra\u00e7\u00e3o do] Sete de Setembro tinha sido sequestrada. Hoje, contudo, vim com muita alegria de ver a for\u00e7a e a resist\u00eancia da democracia\u201d, comentou Ana, para quem a celebra\u00e7\u00e3o dos 202 anos da independ\u00eancia est\u00e1 associada \u00e0 defesa da soberania nacional.<\/p>\n<p>\u201cPrecisamos concretizar a capacidade de desenvolvimento, de distribui\u00e7\u00e3o de renda e de diminui\u00e7\u00e3o das desigualdades, e tudo isso est\u00e1 representado aqui, no 7 de Setembro\u201d, acrescentou a geront\u00f3loga ao destacar a diversidade do p\u00fablico. \u201cEncontrei crian\u00e7as, idosos, pessoas com defici\u00eancias, todo o Brasil representado. Pode at\u00e9 haver menos gente, mas \u00e9 um conceito diferente, mais diverso, mais plural e menos corporativo.\u201d<\/p>\n<p>O ambulante Paulo Matias Figueiras contou que j\u00e1 h\u00e1 alguns anos aproveita a data para refor\u00e7ar os ganhos que obt\u00e9m vendendo alimentos nas ruas de Sobradinho (DF). Segundo ele, contudo, este ano as vendas foram mais fracas. \u201cAcho que h\u00e1 menos gente. E, mesmo com o calor, as pessoas n\u00e3o est\u00e3o consumindo\u201d, detalhou o ambulante, apontando para o isopor cheio de garrafas d\u00b4\u00e1gua e de refrigerantes.<\/p>\n<p>Estudante de ci\u00eancias pol\u00edticas da Universidade de Bras\u00edlia (UnB), a gabonesa Wilda Chery disse ter ido \u00e0 Esplanada dos Minist\u00e9rios por curiosidade sobre a celebra\u00e7\u00e3o da independ\u00eancia brasileira. \u201cAssisti \u00e0 parte da cerim\u00f4nia e gostei\u201d, comentou a jovem de 20 anos de idade, explicando que, ap\u00f3s o fim do desfile, aproveitaria para passear e ver os pr\u00e9dios p\u00fablicos da capital federal.<\/p>\n<p>O casal Cezar Garcia Ferrero e Sara Barral Pinheiro chegou \u00e0 Esplanada quase no fim do desfile, com planos de estender o passeio, j\u00e1 que a inten\u00e7\u00e3o era levar os filhos, Mait\u00ea e Dante, para apreciar de perto as viaturas, aeronaves, embarca\u00e7\u00f5es e equipamentos militares. A exposi\u00e7\u00e3o, contudo, est\u00e1 montada at\u00e9 amanh\u00e3 (8), no Parque da Cidade, a cerca de 4 quil\u00f4metros de dist\u00e2ncia.<\/p>\n<p>\u201cViemos para ver a exposi\u00e7\u00e3o, mas n\u00e3o nos organizamos direitos\u201d, comentou a arquiteta.<\/p>\n<p>\u201cPorque no ano passado viemos pelo desfile, mas, como havia tamb\u00e9m a exposi\u00e7\u00e3o, ficamos mais tempo passeando com as crian\u00e7as, j\u00e1 que Dante gosta de ver, acha interessante. Este ano, chegamos tarde contando com isso, mas tudo bem. \u00c9 interessante ver o desfile\u201d, acrescentou o engenheiro civil.<\/p>\n<p>Valdirene Soares levou a sobrinha, Lara Lustosa, de 9 anos, para assistir ao seu primeiro desfile na Esplanada. \u201cEste ano eu me senti segura para voltar a vir e para traz\u00ea-la comigo. Acho bacana participar\u201d, comentou Valdirene, contando que n\u00e3o frequentava o evento desde antes da pandemia da covid-19. Lara, por sua vez, disse \u00e0 reportagem que gostou muito de ver a Esquadrilha da Fuma\u00e7a. \u201cPorque os avi\u00f5es fizeram um cora\u00e7\u00e3o e [simularam] o avi\u00e3o caindo.\u201d<\/p>\n","protected":false},"excerpt":{"rendered":"<p>Milhares de pessoas se espalharam ao longo da Esplanada dos Minist\u00e9rios para prestigiar o desfile de 7 de setembro, dia da Independ\u00eancia do Brasil. Sob sol forte e com a umidade do ar baixa j\u00e1 \u00e0s 10h, o p\u00fablico ocupou cada espa\u00e7o sombreado de onde podia assistir ao tradicional desfile c\u00edvico-militar, incluindo a apresenta\u00e7\u00e3o da [&hellip;]<\/p>\n","protected":false},"author":2,"featured_media":336137,"comment_status":"closed","ping_status":"closed","sticky":false,"template":"","format":"standard","meta":{"_acf_changed":false,"footnotes":""},"categories":[161],"tags":[],"class_list":["post-336136","post","type-post","status-publish","format-standard","has-post-thumbnail","hentry","category-quadradinho-em-foco"],"acf":[],"_links":{"self":[{"href":"https:\/\/www.notibras.com\/site\/wp-json\/wp\/v2\/posts\/336136","targetHints":{"allow":["GET"]}}],"collection":[{"href":"https:\/\/www.notibras.com\/site\/wp-json\/wp\/v2\/posts"}],"about":[{"href":"https:\/\/www.notibras.com\/site\/wp-json\/wp\/v2\/types\/post"}],"author":[{"embeddable":true,"href":"https:\/\/www.notibras.com\/site\/wp-json\/wp\/v2\/users\/2"}],"replies":[{"embeddable":true,"href":"https:\/\/www.notibras.com\/site\/wp-json\/wp\/v2\/comments?post=336136"}],"version-history":[{"count":1,"href":"https:\/\/www.notibras.com\/site\/wp-json\/wp\/v2\/posts\/336136\/revisions"}],"predecessor-version":[{"id":336138,"href":"https:\/\/www.notibras.com\/site\/wp-json\/wp\/v2\/posts\/336136\/revisions\/336138"}],"wp:featuredmedia":[{"embeddable":true,"href":"https:\/\/www.notibras.com\/site\/wp-json\/wp\/v2\/media\/336137"}],"wp:attachment":[{"href":"https:\/\/www.notibras.com\/site\/wp-json\/wp\/v2\/media?parent=336136"}],"wp:term":[{"taxonomy":"category","embeddable":true,"href":"https:\/\/www.notibras.com\/site\/wp-json\/wp\/v2\/categories?post=336136"},{"taxonomy":"post_tag","embeddable":true,"href":"https:\/\/www.notibras.com\/site\/wp-json\/wp\/v2\/tags?post=336136"}],"curies":[{"name":"wp","href":"https:\/\/api.w.org\/{rel}","templated":true}]}}