{"id":336150,"date":"2024-09-09T00:12:20","date_gmt":"2024-09-09T03:12:20","guid":{"rendered":"https:\/\/www.notibras.com\/site\/?p=336150"},"modified":"2024-09-08T20:27:59","modified_gmt":"2024-09-08T23:27:59","slug":"e-e-ee-ibaneis-perdeu-a-briga-para-o-eixao-do-lazer","status":"publish","type":"post","link":"https:\/\/www.notibras.com\/site\/e-e-ee-ibaneis-perdeu-a-briga-para-o-eixao-do-lazer\/","title":{"rendered":"\u00ca \u00ea \u00ea\u00ea&#8230; Ibaneis perdeu a briga para o Eix\u00e3o do Lazer"},"content":{"rendered":"<p>Uma semana ap\u00f3s o Governo do Distrito Federal mandar retirar todos os eventos culturais e os ambulantes do Eix\u00e3o do Lazer, as manifesta\u00e7\u00f5es culturais Choro no Eixo, Jazz no Eixo, Rock no Eixo, entre outras, voltaram a ocupar a rodovia que corta a capital do pa\u00eds neste domingo (8).<\/p>\n<p>No final de semana passado, uma a\u00e7\u00e3o do governo distrital proibiu os eventos musicais e de com\u00e9rcios de ficarem no local, sem aviso pr\u00e9vio, causando revolta na cena cultural de Bras\u00edlia.<\/p>\n<p>O fundador do Choro no Eixo \u2013 que re\u00fane uma multid\u00e3o todos os domingos \u2013, o m\u00fasico M\u00e1rcio Marinho, avaliou que a reocupa\u00e7\u00e3o do espa\u00e7o neste domingo foi a resposta da sociedade que vem se apropriando do espa\u00e7o. \u201cN\u00e3o se trata mais apenas das manifesta\u00e7\u00f5es culturais que est\u00e3o no Eix\u00e3o, acho que agora a popula\u00e7\u00e3o pegou o Eix\u00e3o para si, como sempre foi. \u00c9 um direito de acesso \u00e0 cidade que a gente n\u00e3o pode retroceder e perder\u201d, destacou.<\/p>\n<p>A proibi\u00e7\u00e3o reacendeu o debate sobre o uso dos espa\u00e7os p\u00fablicos urbanos e os conflitos em torno dessa ocupa\u00e7\u00e3o, como nos casos do Cais Jos\u00e9 Estelita, em Recife (PE), e da Orla do Gua\u00edba, em Porto Alegre (RS), onde diferentes grupos sociais buscam consolidar determinado uso dos espa\u00e7os urbanos.<\/p>\n<p>A professora de arquitetura e urbanismo da Universidade de Bras\u00edlia (UnB) Maria Fernanda Derntl, especialista em planejamento urbano, avaliou que essa deve ser uma oportunidade para Bras\u00edlia exercer a conviv\u00eancia entre os diferentes grupos. \u201cHouve uma rea\u00e7\u00e3o grande e a gente v\u00ea a popula\u00e7\u00e3o se apropriando do espa\u00e7o. O espa\u00e7o p\u00fablico pode ser ocupado transitoriamente, desde que n\u00e3o se incorra em crime ou em destrui\u00e7\u00e3o de propriedade. Talvez esse intenso uso do Eix\u00e3o exija pensar o melhor modelo de conviv\u00eancia. \u00c9 um exerc\u00edcio de democracia mesmo\u201d, defendeu a especialista.<\/p>\n<p><strong>Eix\u00e3o<\/strong><br \/>\nO chamado \u201cEix\u00e3o\u201d de Bras\u00edlia \u00e9 a rodovia que corta o Plano Piloto, regi\u00e3o central da capital. Todos os domingos e feriados essa via \u00e9 fechada aos carros e tomada pela popula\u00e7\u00e3o local, que costuma praticar atividades f\u00edsicas no chamado \u201cEix\u00e3o do Lazer\u201d. Desde a pandemia, o espa\u00e7o come\u00e7ou a ser ocupado tamb\u00e9m por eventos culturais e por ambulantes que vendem desde alimentos e bebidas at\u00e9 artesanato.<\/p>\n<p>Para o cavaquinista M\u00e1rcio Marinho, do Choro no Eixo, o espa\u00e7o deve se consolidar como polo cultural, gastron\u00f4mico, de esporte e de turismo da capital. \u201cEm vez de se restringir, deveriam expandir esse formato de acesso \u00e0 cultura e ao lazer para outras regi\u00f5es do Distrito Federal, como Taguatinga e Ceil\u00e2ndia, e n\u00e3o apenas na \u00e1rea central do Plano Piloto. Isso aqui \u00e9 um exemplo de como a sociedade pode ter direito \u00e0 cidade de uma forma democr\u00e1tica\u201d, afirmou.<\/p>\n<p>Al\u00e9m dos grupos musicais, partidos pol\u00edticos, parlamentares e movimentos sociais se reuniram neste domingo no Eix\u00e3o para reivindicar o uso do espa\u00e7o para a cultura e para o com\u00e9rcio ambulante.<\/p>\n<p>A trabalhadora Auric\u00e9lia Rocha, de 37 anos, vende cerca de 120 almo\u00e7os nos domingos no Eix\u00e3o. Ela trabalha no local h\u00e1 dois anos e lamentou a a\u00e7\u00e3o da semana passada que considerou \u201ctruculenta\u201d e que a fez perder a comida que havia preparado para vender.<\/p>\n<p>\u201cEu dependo do Eix\u00e3o. Minha fonte de renda \u00e9 o Eix\u00e3o. Eu n\u00e3o tenho trabalho formal. A gente produz churrasco durante a semana e no final de semana e vem vender aqui no Eix\u00e3o. \u00c9 o meu trabalho e de mais tr\u00eas pessoas\u201d, contou.<\/p>\n<p><strong>Governo do DF<\/strong><br \/>\nO Governo do Distrito Federal informou que os eventos culturais n\u00e3o ser\u00e3o proibidos no local. Segundo o governador Ibaneis Rocha (MDB), a a\u00e7\u00e3o da semana passada atendeu \u00e0s reclama\u00e7\u00f5es de moradores de locais pr\u00f3ximos aos eventos.<\/p>\n<p>\u201c[A a\u00e7\u00e3o foi orientada] apenas a organizar o com\u00e9rcio no local, que ser\u00e1 mais funcional na medida em que possamos cadastrar e regularizar a atividade. Nada que retire do Eix\u00e3o seu car\u00e1ter de espa\u00e7o de conviv\u00eancia democr\u00e1tica, de criatividade, com liberdade e seguran\u00e7a\u201d, comentou Ibaneis em uma rede social.<\/p>\n<p>Ap\u00f3s a rea\u00e7\u00e3o popular, o governador comentou que n\u00e3o se poderia desvirtuar o Eix\u00e3o do Lazer em um \u201cEix\u00e3o da cacha\u00e7a\u201d. A venda de bebidas alco\u00f3licas \u00e0s margens das rodovias do Distrito Federal \u00e9 proibida pela lei distrital 2.098 de 1998.<\/p>\n<p><strong>Novas regras<\/strong><br \/>\nNa \u00faltima ter\u00e7a-feira (3), foi publicado um novo decreto para regulamentar o uso do Eix\u00e3o. De acordo com o texto, o Departamento de Estradas de Rodagem do Distrito Federal (DER-DF) ter\u00e1 30 dias para elaborar um plano para o uso do Eix\u00e3o. N\u00e3o est\u00e1 prevista a participa\u00e7\u00e3o da sociedade civil na elabora\u00e7\u00e3o do plano.<\/p>\n<p>O decreto diz ainda que, at\u00e9 que seja aprovado o plano, o DER-DF deve conceder autoriza\u00e7\u00e3o em car\u00e1ter provis\u00f3rio para os ambulantes, exclu\u00eddos os que vendem bebidas alco\u00f3licas.<\/p>\n<p>Um dos organizadores do Ocupa Eix\u00e3o, o articulador cultural Leonardo Rodrigues, defendeu que a sociedade deve participar da elabora\u00e7\u00e3o do Plano para o uso do Eix\u00e3o. \u201cIsso a gente precisa construir conjuntamente, com moradores, popula\u00e7\u00e3o, interessados e governo. Deve-se estabelecer um di\u00e1logo antes das a\u00e7\u00f5es\u201d, comentou.<\/p>\n<p>Para Maria Fernanda Derntl, a conviv\u00eancia nos espa\u00e7os p\u00fablicos envolve lidar com a diferen\u00e7a e a diversidade, mas esses conflitos n\u00e3o devem ser considerados como algo ruim, mas como uma oportunidade para a sociedade praticar a democracia. \u201cA ocupa\u00e7\u00e3o da cidade e dos seus espa\u00e7os \u00e9, por natureza, problem\u00e1tica. Nesse caso, houve uma a\u00e7\u00e3o unilateral, que n\u00e3o foi feita com os v\u00e1rios grupos interessados em ocupar a cidade. Mas essa \u00e9 uma excelente oportunidade para criar espa\u00e7os mais amplos de discuss\u00e3o das quest\u00f5es e dos problemas da cidade\u201d, destacou a especialista.<\/p>\n","protected":false},"excerpt":{"rendered":"<p>Uma semana ap\u00f3s o Governo do Distrito Federal mandar retirar todos os eventos culturais e os ambulantes do Eix\u00e3o do Lazer, as manifesta\u00e7\u00f5es culturais Choro no Eixo, Jazz no Eixo, Rock no Eixo, entre outras, voltaram a ocupar a rodovia que corta a capital do pa\u00eds neste domingo (8). No final de semana passado, uma [&hellip;]<\/p>\n","protected":false},"author":2,"featured_media":336151,"comment_status":"closed","ping_status":"closed","sticky":false,"template":"","format":"standard","meta":{"_acf_changed":false,"footnotes":""},"categories":[161],"tags":[],"class_list":["post-336150","post","type-post","status-publish","format-standard","has-post-thumbnail","hentry","category-quadradinho-em-foco"],"acf":[],"_links":{"self":[{"href":"https:\/\/www.notibras.com\/site\/wp-json\/wp\/v2\/posts\/336150","targetHints":{"allow":["GET"]}}],"collection":[{"href":"https:\/\/www.notibras.com\/site\/wp-json\/wp\/v2\/posts"}],"about":[{"href":"https:\/\/www.notibras.com\/site\/wp-json\/wp\/v2\/types\/post"}],"author":[{"embeddable":true,"href":"https:\/\/www.notibras.com\/site\/wp-json\/wp\/v2\/users\/2"}],"replies":[{"embeddable":true,"href":"https:\/\/www.notibras.com\/site\/wp-json\/wp\/v2\/comments?post=336150"}],"version-history":[{"count":2,"href":"https:\/\/www.notibras.com\/site\/wp-json\/wp\/v2\/posts\/336150\/revisions"}],"predecessor-version":[{"id":336153,"href":"https:\/\/www.notibras.com\/site\/wp-json\/wp\/v2\/posts\/336150\/revisions\/336153"}],"wp:featuredmedia":[{"embeddable":true,"href":"https:\/\/www.notibras.com\/site\/wp-json\/wp\/v2\/media\/336151"}],"wp:attachment":[{"href":"https:\/\/www.notibras.com\/site\/wp-json\/wp\/v2\/media?parent=336150"}],"wp:term":[{"taxonomy":"category","embeddable":true,"href":"https:\/\/www.notibras.com\/site\/wp-json\/wp\/v2\/categories?post=336150"},{"taxonomy":"post_tag","embeddable":true,"href":"https:\/\/www.notibras.com\/site\/wp-json\/wp\/v2\/tags?post=336150"}],"curies":[{"name":"wp","href":"https:\/\/api.w.org\/{rel}","templated":true}]}}