{"id":336164,"date":"2024-09-08T00:02:35","date_gmt":"2024-09-08T03:02:35","guid":{"rendered":"https:\/\/www.notibras.com\/site\/?p=336164"},"modified":"2024-09-08T20:55:59","modified_gmt":"2024-09-08T23:55:59","slug":"assentamento-dorothy-stang-avanca-na-conquista-de-direitos","status":"publish","type":"post","link":"https:\/\/www.notibras.com\/site\/assentamento-dorothy-stang-avanca-na-conquista-de-direitos\/","title":{"rendered":"Assentamento Dorothy Stang avan\u00e7a na conquista de direitos"},"content":{"rendered":"<p>Uma parceria entre o governo federal e a Universidade de Bras\u00edlia tenta levar mais cidadania para as periferias. Ap\u00f3s quase uma d\u00e9cada de luta, o Assentamento Dorothy Stang, localizado em Sobradinho, no Distrito Federal, come\u00e7a a ver avan\u00e7os no reconhecimento de direitos: com aproximadamente 700 fam\u00edlias, o assentamento receber\u00e1 investimento de R$ 2,5 milh\u00f5es para melhorias de infraestrutura.<\/p>\n<p>O projeto \u00e9 uma iniciativa da Secretaria Nacional de Periferias do Minist\u00e9rio das Cidades (SNP) e conta com a parceria do programa de Programa de P\u00f3s-Gradua\u00e7\u00e3o da Faculdade de Arquitetura e Urbanismo da Universidade de Bras\u00edlia (FAU &#8211; UnB).<\/p>\n<p>Um posto territorial ser\u00e1 ponto de apoio para as a\u00e7\u00f5es de mobiliza\u00e7\u00e3o, participa\u00e7\u00e3o e articula\u00e7\u00e3o entre a equipe t\u00e9cnica, o trabalho social, o poder p\u00fablico e a popula\u00e7\u00e3o, facilitando as iniciativas previstas no Plano de A\u00e7\u00e3o.<\/p>\n<p>De acordo com o secret\u00e1rio de Periferias, Guilherme Sim\u00f5es, a a\u00e7\u00e3o expressa a retomada dos investimentos do governo federal nesses territ\u00f3rios. \u201cNosso objetivo \u00e9 levar infraestrutura urbana, articulada a outras pol\u00edticas p\u00fablicas para esses territ\u00f3rios por meio do Programa Periferia Viva\u201d, destaca Sim\u00f5es.<\/p>\n<p>O projeto tem um comit\u00ea gestor formado por 12 integrantes (8 mulheres e 4 homens), al\u00e9m de volunt\u00e1rios que participam das mobiliza\u00e7\u00f5es e compartilham a gest\u00e3o do territ\u00f3rio.<\/p>\n<p>A moradora e integrante do comit\u00ea gestor K\u00eanya Santos de Abreu, 36, conta que a inseguran\u00e7a ainda ronda a comunidade. \u201cA pol\u00edcia s\u00f3 vem aqui quando tem algum incidente, algum tiroteio, alguma coisa nesse sentido, fora isso, n\u00e3o. (&#8230;) A gente at\u00e9 fez essa reivindica\u00e7\u00e3o, que tivesse um posto de pol\u00edcia, a gente cedeu aqui que ficasse aqui dentro (do espa\u00e7o), mas n\u00e3o foi atendido.\u201d<\/p>\n<p>A professora e pesquisadora Liza de Andrade tamb\u00e9m atua no Programa de P\u00f3s-gradua\u00e7\u00e3o da FAU\/UnB, e explicou que a escolha do lugar foi baseada na hist\u00f3ria da comunidade: \u201cQuando eles ocuparam, n\u00e3o tinha nada, nenhuma casinha de madeirite, e eles foram construindo. Esse lugar sempre foi o da plen\u00e1ria, as tomadas de decis\u00e3o sempre foram aqui. Esse \u201ccora\u00e7\u00e3o\u201d, essa mem\u00f3ria, a gente quis manter, transformando-o em um espa\u00e7o simb\u00f3lico do posto territorial e da plen\u00e1ria.\u201d<\/p>\n<p>A moradora Luciene Xavier Bahia, 47, cita melhorias feitas na comunidade com apoio do programa. \u201cDaqui da comunidade, colocaram \u00e1gua, colocaram luz. Isso \u00e9 uma maravilha. A gente tinha \u00e1gua, mas \u00e0s vezes a gente passava tr\u00eas dias sem. Agora n\u00f3s j\u00e1 temos \u00e1gua normal\u201d.<\/p>\n<p>O nome do assentamento \u00e9 uma homenagem \u00e0 mission\u00e1ria mission\u00e1ria cat\u00f3lica norte-americana Dorothy Stang, da Congrega\u00e7\u00e3o das Irm\u00e3s de Notre Dame de Namur e da Comiss\u00e3o Pastoral da Terra (CPT). Dorothy Stang se opunha \u00e0 explora\u00e7\u00e3o ilegal da floresta e foi assassinada em 2005, em Anapu, no Par\u00e1<\/p>\n","protected":false},"excerpt":{"rendered":"<p>Uma parceria entre o governo federal e a Universidade de Bras\u00edlia tenta levar mais cidadania para as periferias. Ap\u00f3s quase uma d\u00e9cada de luta, o Assentamento Dorothy Stang, localizado em Sobradinho, no Distrito Federal, come\u00e7a a ver avan\u00e7os no reconhecimento de direitos: com aproximadamente 700 fam\u00edlias, o assentamento receber\u00e1 investimento de R$ 2,5 milh\u00f5es para [&hellip;]<\/p>\n","protected":false},"author":2,"featured_media":336166,"comment_status":"closed","ping_status":"closed","sticky":false,"template":"","format":"standard","meta":{"_acf_changed":false,"footnotes":""},"categories":[161],"tags":[],"class_list":["post-336164","post","type-post","status-publish","format-standard","has-post-thumbnail","hentry","category-quadradinho-em-foco"],"acf":[],"_links":{"self":[{"href":"https:\/\/www.notibras.com\/site\/wp-json\/wp\/v2\/posts\/336164","targetHints":{"allow":["GET"]}}],"collection":[{"href":"https:\/\/www.notibras.com\/site\/wp-json\/wp\/v2\/posts"}],"about":[{"href":"https:\/\/www.notibras.com\/site\/wp-json\/wp\/v2\/types\/post"}],"author":[{"embeddable":true,"href":"https:\/\/www.notibras.com\/site\/wp-json\/wp\/v2\/users\/2"}],"replies":[{"embeddable":true,"href":"https:\/\/www.notibras.com\/site\/wp-json\/wp\/v2\/comments?post=336164"}],"version-history":[{"count":1,"href":"https:\/\/www.notibras.com\/site\/wp-json\/wp\/v2\/posts\/336164\/revisions"}],"predecessor-version":[{"id":336165,"href":"https:\/\/www.notibras.com\/site\/wp-json\/wp\/v2\/posts\/336164\/revisions\/336165"}],"wp:featuredmedia":[{"embeddable":true,"href":"https:\/\/www.notibras.com\/site\/wp-json\/wp\/v2\/media\/336166"}],"wp:attachment":[{"href":"https:\/\/www.notibras.com\/site\/wp-json\/wp\/v2\/media?parent=336164"}],"wp:term":[{"taxonomy":"category","embeddable":true,"href":"https:\/\/www.notibras.com\/site\/wp-json\/wp\/v2\/categories?post=336164"},{"taxonomy":"post_tag","embeddable":true,"href":"https:\/\/www.notibras.com\/site\/wp-json\/wp\/v2\/tags?post=336164"}],"curies":[{"name":"wp","href":"https:\/\/api.w.org\/{rel}","templated":true}]}}