{"id":336189,"date":"2024-09-09T05:54:16","date_gmt":"2024-09-09T08:54:16","guid":{"rendered":"https:\/\/www.notibras.com\/site\/?p=336189"},"modified":"2024-09-09T05:54:16","modified_gmt":"2024-09-09T08:54:16","slug":"agro-avanca-e-impulsiona-economia-do-nordeste","status":"publish","type":"post","link":"https:\/\/www.notibras.com\/site\/agro-avanca-e-impulsiona-economia-do-nordeste\/","title":{"rendered":"Agro avan\u00e7a e impulsiona economia do Nordeste"},"content":{"rendered":"<p>Nos \u00faltimos anos, o agroneg\u00f3cio tem se expandido de maneira significativa pelo Nordeste do Brasil, transformando o panorama econ\u00f4mico da regi\u00e3o. Estados como Bahia, Maranh\u00e3o, Piau\u00ed e Cear\u00e1 v\u00eam se destacando pelo aumento na produ\u00e7\u00e3o de gr\u00e3os, frutas, algod\u00e3o e outros produtos agr\u00edcolas, impulsionando o desenvolvimento econ\u00f4mico local e gerando emprego e renda.<\/p>\n<p>A principal mudan\u00e7a \u00e9 not\u00e1vel nas \u00e1reas que antes eram menos exploradas para o cultivo de gr\u00e3os. O chamado Matopiba (regi\u00e3o que abrange partes dos estados do Maranh\u00e3o, Tocantins, Piau\u00ed e Bahia) se consolidou como uma nova fronteira agr\u00edcola, atraindo investimentos e incorporando t\u00e9cnicas modernas de produ\u00e7\u00e3o, como irriga\u00e7\u00e3o e mecaniza\u00e7\u00e3o, elevando a produtividade das lavouras.<\/p>\n<p>Al\u00e9m disso, a produ\u00e7\u00e3o de frutas, especialmente no Vale do S\u00e3o Francisco, localizado entre os estados da Bahia e Pernambuco, tem se fortalecido. A regi\u00e3o \u00e9 hoje uma das maiores exportadoras de frutas tropicais do Brasil, com destaque para uvas e mangas. O uso intensivo de tecnologia, aliado \u00e0s condi\u00e7\u00f5es clim\u00e1ticas favor\u00e1veis, possibilitou a produ\u00e7\u00e3o cont\u00ednua e a qualidade desses produtos, abastecendo tanto o mercado interno quanto o externo.<\/p>\n<p>Outro fator relevante para o crescimento do agroneg\u00f3cio nordestino \u00e9 o aumento do cr\u00e9dito rural, o que tem permitido que pequenos e m\u00e9dios produtores tenham acesso a financiamentos para a moderniza\u00e7\u00e3o e amplia\u00e7\u00e3o de suas atividades. O apoio governamental, por meio de pol\u00edticas p\u00fablicas, tamb\u00e9m tem sido crucial, com incentivos fiscais e programas de infraestrutura, como estradas e armazenagem, que facilitam o escoamento da produ\u00e7\u00e3o.<\/p>\n<p>No entanto, o avan\u00e7o do agroneg\u00f3cio tamb\u00e9m gera desafios. Entre eles est\u00e3o as quest\u00f5es ambientais, como o desmatamento e a press\u00e3o sobre \u00e1reas de vegeta\u00e7\u00e3o nativa, al\u00e9m da preocupa\u00e7\u00e3o com a disponibilidade de \u00e1gua para irriga\u00e7\u00e3o em algumas regi\u00f5es mais \u00e1ridas. O uso sustent\u00e1vel dos recursos e a concilia\u00e7\u00e3o entre crescimento econ\u00f4mico e preserva\u00e7\u00e3o ambiental s\u00e3o temas que continuam a ser discutidos para garantir um desenvolvimento equilibrado.<\/p>\n<p>Esse avan\u00e7o do agroneg\u00f3cio no Nordeste tem sido visto como um motor de transforma\u00e7\u00e3o socioecon\u00f4mica, consolidando a regi\u00e3o como um importante polo agr\u00edcola do pa\u00eds e contribuindo para a diversifica\u00e7\u00e3o da economia brasileira.<\/p>\n","protected":false},"excerpt":{"rendered":"<p>Nos \u00faltimos anos, o agroneg\u00f3cio tem se expandido de maneira significativa pelo Nordeste do Brasil, transformando o panorama econ\u00f4mico da regi\u00e3o. Estados como Bahia, Maranh\u00e3o, Piau\u00ed e Cear\u00e1 v\u00eam se destacando pelo aumento na produ\u00e7\u00e3o de gr\u00e3os, frutas, algod\u00e3o e outros produtos agr\u00edcolas, impulsionando o desenvolvimento econ\u00f4mico local e gerando emprego e renda. A principal [&hellip;]<\/p>\n","protected":false},"author":2,"featured_media":291021,"comment_status":"closed","ping_status":"closed","sticky":false,"template":"","format":"standard","meta":{"_acf_changed":false,"footnotes":""},"categories":[165],"tags":[],"class_list":["post-336189","post","type-post","status-publish","format-standard","has-post-thumbnail","hentry","category-nordeste"],"acf":[],"_links":{"self":[{"href":"https:\/\/www.notibras.com\/site\/wp-json\/wp\/v2\/posts\/336189","targetHints":{"allow":["GET"]}}],"collection":[{"href":"https:\/\/www.notibras.com\/site\/wp-json\/wp\/v2\/posts"}],"about":[{"href":"https:\/\/www.notibras.com\/site\/wp-json\/wp\/v2\/types\/post"}],"author":[{"embeddable":true,"href":"https:\/\/www.notibras.com\/site\/wp-json\/wp\/v2\/users\/2"}],"replies":[{"embeddable":true,"href":"https:\/\/www.notibras.com\/site\/wp-json\/wp\/v2\/comments?post=336189"}],"version-history":[{"count":1,"href":"https:\/\/www.notibras.com\/site\/wp-json\/wp\/v2\/posts\/336189\/revisions"}],"predecessor-version":[{"id":336190,"href":"https:\/\/www.notibras.com\/site\/wp-json\/wp\/v2\/posts\/336189\/revisions\/336190"}],"wp:featuredmedia":[{"embeddable":true,"href":"https:\/\/www.notibras.com\/site\/wp-json\/wp\/v2\/media\/291021"}],"wp:attachment":[{"href":"https:\/\/www.notibras.com\/site\/wp-json\/wp\/v2\/media?parent=336189"}],"wp:term":[{"taxonomy":"category","embeddable":true,"href":"https:\/\/www.notibras.com\/site\/wp-json\/wp\/v2\/categories?post=336189"},{"taxonomy":"post_tag","embeddable":true,"href":"https:\/\/www.notibras.com\/site\/wp-json\/wp\/v2\/tags?post=336189"}],"curies":[{"name":"wp","href":"https:\/\/api.w.org\/{rel}","templated":true}]}}