{"id":33619,"date":"2015-01-10T11:55:56","date_gmt":"2015-01-10T14:55:56","guid":{"rendered":"http:\/\/www.notibras.com\/site\/?p=33619"},"modified":"2015-01-10T11:55:56","modified_gmt":"2015-01-10T14:55:56","slug":"o-11-de-setembro-frances-quem-mandou-atacar-o-charlie-hebdo","status":"publish","type":"post","link":"https:\/\/www.notibras.com\/site\/o-11-de-setembro-frances-quem-mandou-atacar-o-charlie-hebdo\/","title":{"rendered":"O 11 de Setembro franc\u00eas. Quem mandou atacar o Charlie Hebdo?"},"content":{"rendered":"<p>Quando numerosos franceses reagem ao atentado cometido contra o Charlie Hebdo denunciando o islamismo e manifestando-se nas ruas, Thierry Meyssan sublinha que a interpreta\u00e7\u00e3o jihadista \u00e9 imposs\u00edvel. Apesar de que teria todo o interesse em denunciar, tamb\u00e9m ele, uma opera\u00e7\u00e3o da Al-Qaeda ou da Daesh (ISIS), ele considera outra hip\u00f3tese, muito mais perigosa.<\/p>\n<p>Dia 7 de Janeiro de 2015 um comando irrompeu, em Paris, na sede do Charlie Hebdo e assassinou 12 pessoas. Quatro outras v\u00edtimas continuam em estado grave.<\/p>\n<p>Nos v\u00eddeos ouve-se os assaltantes a gritarem &#8220;Allah Akbar!&#8221;, depois que &#8220;vingaram Maom\u00e9&#8221;. Uma testemunha, a desenhista Coco, afirmou que eles se reclamavam da Al-Qaeda. N\u00e3o foi preciso mais para que numerosos franceses denunciassem um atentado islamista.<\/p>\n<p>Ora, esta hip\u00f3tese \u00e9 il\u00f3gica.<\/p>\n<p>A miss\u00e3o deste comando n\u00e3o tem liga\u00e7\u00e3o com a ideologia jihadista<\/p>\n<p>Com efeito, membros ou simpatizantes dos Irm\u00e3os Mu\u00e7ulmanos, da al-Qaeda ou de Daesh n\u00e3o se teriam contentado em matar desenhistas ateus, eles teriam primeiramente destru\u00eddo os arquivos do jornal sob os seus olhos, de acordo com o modelo daquilo que fizeram na totalidade das suas a\u00e7\u00f5es no Mghreb e no Levante. Para jihadistas, o primeiro dever \u00e9 destruir os objetos que, segundo eles, ofendem Deus, depois punir os &#8220;inimigos de Deus&#8221;.<\/p>\n<p>Al\u00e9m disso, eles n\u00e3o teriam se retirado imediatamente, fugindo da pol\u00edcia, sem terem acabado a sua miss\u00e3o. Teriam ao contr\u00e1rio terminado a sua miss\u00e3o, devendo morrer no local.<\/p>\n<p>Al\u00e9m disso, os v\u00eddeos e certos testemunhos mostram que os assaltantes s\u00e3o profissionais. Eles tinham o h\u00e1bito de manejar suas armas e n\u00e3o atiraram sen\u00e3o metodicamente. N\u00e3o estavam vestidos \u00e0 moda dos jihadistas, mas como comandos militares.<\/p>\n<p>A maneira como executaram no solo um pol\u00edcia ferido, que n\u00e3o representava qualquer perigo para eles, atesta que a sua miss\u00e3o n\u00e3o era &#8220;vingar Maom\u00e9&#8221; do humor pesado de Charlie Hebdo.<\/p>\n<p>Esta opera\u00e7\u00e3o visa criar o come\u00e7o de uma guerra civil<\/p>\n<p>O fato de que os assaltantes falem bem o franc\u00eas, e de que provavelmente sejam franceses, n\u00e3o permite concluir que este atentado \u00e9 um epis\u00f3dio franco-franc\u00eas. Ao contr\u00e1rio, o facto de serem profissionais obriga a distingui-los de poss\u00edveis mandat\u00e1rios. E nada prova que estes \u00faltimos sejam franceses.<\/p>\n<p>\u00c9 um reflexo normal, mas intelectualmente err\u00f3neo, considerar quando se \u00e9 atacado que se conhece seus agressores. Isto \u00e9 o mais l\u00f3gico quando se trata de criminalidade normal, mas \u00e9 falso quando se trata de pol\u00edtica internacional.<\/p>\n<blockquote><p>Os mandat\u00e1rios deste atentado sabiam que ele provocaria uma fratura entre os franceses mu\u00e7ulmanos e os franceses n\u00e3o mu\u00e7ulmanos. Charlie Hebdo se havia especializado em provoca\u00e7\u00f5es anti-mu\u00e7ulmanas e a maior parte dos mu\u00e7ulmanos da Franca foram direta ou indiretamente vitimados. Se os mu\u00e7ulmanos da Fran\u00e7a condenaram sem qualquer d\u00favida este atentado, ser-lhes-\u00e1 dif\u00edcil experimentar tanta pena pelas v\u00edtimas quanto os eleitores do jornal. Esta situa\u00e7\u00e3o ser\u00e1 percebida por alguns como uma cumplicidade com os assassinos.<\/p><\/blockquote>\n<p>Eis porque, ao inv\u00e9s de considerar este atentado extremamente assassino como uma vingan\u00e7a islamista contra o jornal que publica as caricaturas de Maom\u00e9 e multiplica as manchetes anti-mu\u00e7ulmanas, seria mais l\u00f3gico considerar que seja o primeiro epis\u00f3dio de um processo visando criar uma situa\u00e7\u00e3o de guerra civil.<\/p>\n<p>A estrat\u00e9gia do &#8220;choque das civiliza\u00e7\u00f5es&#8221; foi concebida em Tel-Aviv e em Washington<\/p>\n<p>A ideologia e a estrat\u00e9gia dos Irm\u00e3os Mu\u00e7ulmanos, da Al-Qaeda e de Daesh n\u00e3o preconiza criar guerra civil no &#8220;Ocidente&#8221;, mas ao contr\u00e1rio cri\u00e1-la no &#8220;Oriente&#8221; e separar hermeticamente os dois mundos. Nunca Sa\u00efd Qotb, nem nenhum dos seus sucessores, conclamou a provocar afrontamento entre os mu\u00e7ulmanos e os n\u00e3o-mu\u00e7ulmanos na casa destes \u00faltimos.<\/p>\n<p>Ao contr\u00e1rio, a estrat\u00e9gia do &#8220;choque das civiliza\u00e7\u00f5es&#8221; foi formulada por Bernard Lewis para o Conselho de Seguran\u00e7a Nacional estado-unidense, depois vulgarizada por Samuel Huntington n\u00e3o mais como uma estrat\u00e9gia de conquista, mas como uma situa\u00e7\u00e3o previs\u00edvel [1]. Ela visava persuadir as popula\u00e7\u00f5es membros da OTAN de um afrontamento inevit\u00e1vel que tomou preventivamente a forma da &#8220;guerra ao terrorismo&#8221;.<\/p>\n<p>N\u00e3o \u00e9 no Cairo, em Riad ou em Cabul que se exalta o &#8220;choque das civiliza\u00e7\u00f5es&#8221;, mas em Washington e em Tel-Aviv.<\/p>\n<p>Os mandat\u00e1rios do atentado contra o Charlie Hebdo n\u00e3o procuraram satisfazer jihadistas ou talibans, mas neoconservadores ou falc\u00f5es liberais.<\/p>\n<p>N\u00e3o esque\u00e7amos os precedentes hist\u00f3ricos<\/p>\n<p>Devemos recordar que no decorrer dos \u00faltimos anos vimos os servi\u00e7os especiais dos EUA ou da OTAN<\/p>\n<p>testarem em Fran\u00e7a os efeitos devastadores de certas drogas sobre popula\u00e7\u00f5es civis [2];<\/p>\n<p>apoiar a OAS para tentar assassinar o presidente Charles De Gaulle [3];<\/p>\n<p>proceder os atentados sob falsas bandeiras, contra civis, em v\u00e1rios Estados membros da OTAN [4].<\/p>\n<p>Devemos nos recordar que, desde o desmembramento da Iugosl\u00e1via, o estado-maior estado-unidense experimentou e p\u00f4s em pr\u00e1tica em muito numerosos pa\u00edses sua estrat\u00e9gia de &#8220;combate de c\u00e3es&#8221;. Ela consiste em matar membros da comunidade maiorit\u00e1ria, depois membros das minorias remetendo as responsabilidades umas \u00e0s outras at\u00e9 que cada uma esteja convencida de estar em perigo de morte. Foi deste modo que Washington provocou a guerra civil tanto na Jugosl\u00e1via como ultimamente na Ucr\u00e2nia [5] .<\/p>\n<blockquote><p>Os franceses seriam bem aconselhados a lembrarem-se igualmente de que n\u00e3o foram eles que tomaram a iniciativa da luta contra os jihadistas retornado da S\u00edria e do Iraque. At\u00e9 esta data, nenhum deles cometeu o menor atentado em Fran\u00e7a, o caso de Mehdi Nemmouche n\u00e3o sendo o de um terrorista solit\u00e1rio mas de um agente encarregado de executar em Bruxelas dois agentes da Mossad [6] [7] . Foi Washington que convocou, em 6 de Fevereiro de 2014, os ministros do Interior da Alemanha, dos Estados Unidos, da Fran\u00e7a (M. Valls fez-se representar), da It\u00e1lia, da Pol\u00f3nia e do Reino Unido para fazer do retorno dos jihadistas europeus uma quest\u00e3o de seguran\u00e7a nacional [8]. N\u00e3o foi sen\u00e3o ap\u00f3s esta reuni\u00e3o que a imprensa francesa abordou este assunto, depois de as autoridades come\u00e7arem a reagir.<\/p><\/blockquote>\n<p>John Kerry exprimiu-se pela primeira vez em franc\u00eas para dirigir uma mensagem aos franceses. Ele denuncia um ataque contra a liberdade de express\u00e3o (quando o seu pa\u00eds n\u00e3o cessou, desde 1995, de bombardear e de destruir as televis\u00f5es que o incomodavam na Jugosl\u00e1via, no Afeganist\u00e3o, no Iraque e na L\u00edbia) e celebra a luta contra o obscurantismo.<\/p>\n<p>Ignoramos que foi o mandante desta opera\u00e7\u00e3o profissional contra o Charlie Hebdo, mas n\u00e3o dever\u00edamos nos deixar embrulhar. Dever\u00edamos considerar todas as hip\u00f3teses e admitir que, nesta etapa, seu objetivo mais prov\u00e1vel \u00e9 dividir-nos; e seus mandat\u00e1rios mais prov\u00e1veis est\u00e3o em Washington.<\/p>\n<p><strong>Thierry Meyssan<\/strong><\/p>\n","protected":false},"excerpt":{"rendered":"<p>Quando numerosos franceses reagem ao atentado cometido contra o Charlie Hebdo denunciando o islamismo e manifestando-se nas ruas, Thierry Meyssan sublinha que a interpreta\u00e7\u00e3o jihadista \u00e9 imposs\u00edvel. Apesar de que teria todo o interesse em denunciar, tamb\u00e9m ele, uma opera\u00e7\u00e3o da Al-Qaeda ou da Daesh (ISIS), ele considera outra hip\u00f3tese, muito mais perigosa. Dia 7 [&hellip;]<\/p>\n","protected":false},"author":2,"featured_media":33620,"comment_status":"open","ping_status":"closed","sticky":false,"template":"","format":"standard","meta":{"_acf_changed":false,"footnotes":""},"categories":[25],"tags":[],"class_list":["post-33619","post","type-post","status-publish","format-standard","has-post-thumbnail","hentry","category-opina-ai"],"acf":[],"yoast_head":"<!-- This site is optimized with the Yoast SEO plugin v27.5 - https:\/\/yoast.com\/product\/yoast-seo-wordpress\/ -->\n<title>O 11 de Setembro franc\u00eas. Quem mandou atacar o Charlie Hebdo? - Notibras<\/title>\n<meta name=\"robots\" content=\"index, follow, max-snippet:-1, max-image-preview:large, max-video-preview:-1\" \/>\n<link rel=\"canonical\" href=\"https:\/\/www.notibras.com\/site\/o-11-de-setembro-frances-quem-mandou-atacar-o-charlie-hebdo\/\" \/>\n<meta property=\"og:locale\" content=\"pt_BR\" \/>\n<meta property=\"og:type\" content=\"article\" \/>\n<meta property=\"og:title\" content=\"O 11 de Setembro franc\u00eas. Quem mandou atacar o Charlie Hebdo? - Notibras\" \/>\n<meta property=\"og:description\" content=\"Quando numerosos franceses reagem ao atentado cometido contra o Charlie Hebdo denunciando o islamismo e manifestando-se nas ruas, Thierry Meyssan sublinha que a interpreta\u00e7\u00e3o jihadista \u00e9 imposs\u00edvel. Apesar de que teria todo o interesse em denunciar, tamb\u00e9m ele, uma opera\u00e7\u00e3o da Al-Qaeda ou da Daesh (ISIS), ele considera outra hip\u00f3tese, muito mais perigosa. Dia 7 [&hellip;]\" \/>\n<meta property=\"og:url\" content=\"https:\/\/www.notibras.com\/site\/o-11-de-setembro-frances-quem-mandou-atacar-o-charlie-hebdo\/\" \/>\n<meta property=\"og:site_name\" content=\"Notibras\" \/>\n<meta property=\"article:publisher\" content=\"https:\/\/www.facebook.com\/notibras\/\" \/>\n<meta property=\"article:published_time\" content=\"2015-01-10T14:55:56+00:00\" \/>\n<meta property=\"og:image\" content=\"https:\/\/www.notibras.com\/site\/wp-content\/uploads\/2015\/01\/09-01-2015_12_36_59_.jpg\" \/>\n\t<meta property=\"og:image:width\" content=\"530\" \/>\n\t<meta property=\"og:image:height\" content=\"488\" \/>\n\t<meta property=\"og:image:type\" content=\"image\/jpeg\" \/>\n<meta name=\"author\" content=\"Reda\u00e7\u00e3o\" \/>\n<meta name=\"twitter:card\" content=\"summary_large_image\" \/>\n<meta name=\"twitter:creator\" content=\"@Notibras\" \/>\n<meta name=\"twitter:site\" content=\"@Notibras\" \/>\n<meta name=\"twitter:label1\" content=\"Escrito por\" \/>\n\t<meta name=\"twitter:data1\" content=\"Reda\u00e7\u00e3o\" \/>\n\t<meta name=\"twitter:label2\" content=\"Est. tempo de leitura\" \/>\n\t<meta name=\"twitter:data2\" content=\"6 minutos\" \/>\n<script type=\"application\/ld+json\" class=\"yoast-schema-graph\">{\"@context\":\"https:\\\/\\\/schema.org\",\"@graph\":[{\"@type\":\"Article\",\"@id\":\"https:\\\/\\\/www.notibras.com\\\/site\\\/o-11-de-setembro-frances-quem-mandou-atacar-o-charlie-hebdo\\\/#article\",\"isPartOf\":{\"@id\":\"https:\\\/\\\/www.notibras.com\\\/site\\\/o-11-de-setembro-frances-quem-mandou-atacar-o-charlie-hebdo\\\/\"},\"author\":{\"name\":\"Reda\u00e7\u00e3o\",\"@id\":\"https:\\\/\\\/www.notibras.com\\\/site\\\/#\\\/schema\\\/person\\\/36ab0979449956132d3e5b517ea76ac8\"},\"headline\":\"O 11 de Setembro franc\u00eas. Quem mandou atacar o Charlie Hebdo?\",\"datePublished\":\"2015-01-10T14:55:56+00:00\",\"mainEntityOfPage\":{\"@id\":\"https:\\\/\\\/www.notibras.com\\\/site\\\/o-11-de-setembro-frances-quem-mandou-atacar-o-charlie-hebdo\\\/\"},\"wordCount\":1179,\"commentCount\":0,\"publisher\":{\"@id\":\"https:\\\/\\\/www.notibras.com\\\/site\\\/#organization\"},\"image\":{\"@id\":\"https:\\\/\\\/www.notibras.com\\\/site\\\/o-11-de-setembro-frances-quem-mandou-atacar-o-charlie-hebdo\\\/#primaryimage\"},\"thumbnailUrl\":\"https:\\\/\\\/www.notibras.com\\\/site\\\/wp-content\\\/uploads\\\/2015\\\/01\\\/09-01-2015_12_36_59_.jpg\",\"articleSection\":[\"Opina a\u00ed\"],\"inLanguage\":\"pt-BR\",\"potentialAction\":[{\"@type\":\"CommentAction\",\"name\":\"Comment\",\"target\":[\"https:\\\/\\\/www.notibras.com\\\/site\\\/o-11-de-setembro-frances-quem-mandou-atacar-o-charlie-hebdo\\\/#respond\"]}]},{\"@type\":\"WebPage\",\"@id\":\"https:\\\/\\\/www.notibras.com\\\/site\\\/o-11-de-setembro-frances-quem-mandou-atacar-o-charlie-hebdo\\\/\",\"url\":\"https:\\\/\\\/www.notibras.com\\\/site\\\/o-11-de-setembro-frances-quem-mandou-atacar-o-charlie-hebdo\\\/\",\"name\":\"O 11 de Setembro franc\u00eas. Quem mandou atacar o Charlie Hebdo? - Notibras\",\"isPartOf\":{\"@id\":\"https:\\\/\\\/www.notibras.com\\\/site\\\/#website\"},\"primaryImageOfPage\":{\"@id\":\"https:\\\/\\\/www.notibras.com\\\/site\\\/o-11-de-setembro-frances-quem-mandou-atacar-o-charlie-hebdo\\\/#primaryimage\"},\"image\":{\"@id\":\"https:\\\/\\\/www.notibras.com\\\/site\\\/o-11-de-setembro-frances-quem-mandou-atacar-o-charlie-hebdo\\\/#primaryimage\"},\"thumbnailUrl\":\"https:\\\/\\\/www.notibras.com\\\/site\\\/wp-content\\\/uploads\\\/2015\\\/01\\\/09-01-2015_12_36_59_.jpg\",\"datePublished\":\"2015-01-10T14:55:56+00:00\",\"breadcrumb\":{\"@id\":\"https:\\\/\\\/www.notibras.com\\\/site\\\/o-11-de-setembro-frances-quem-mandou-atacar-o-charlie-hebdo\\\/#breadcrumb\"},\"inLanguage\":\"pt-BR\",\"potentialAction\":[{\"@type\":\"ReadAction\",\"target\":[\"https:\\\/\\\/www.notibras.com\\\/site\\\/o-11-de-setembro-frances-quem-mandou-atacar-o-charlie-hebdo\\\/\"]}]},{\"@type\":\"ImageObject\",\"inLanguage\":\"pt-BR\",\"@id\":\"https:\\\/\\\/www.notibras.com\\\/site\\\/o-11-de-setembro-frances-quem-mandou-atacar-o-charlie-hebdo\\\/#primaryimage\",\"url\":\"https:\\\/\\\/www.notibras.com\\\/site\\\/wp-content\\\/uploads\\\/2015\\\/01\\\/09-01-2015_12_36_59_.jpg\",\"contentUrl\":\"https:\\\/\\\/www.notibras.com\\\/site\\\/wp-content\\\/uploads\\\/2015\\\/01\\\/09-01-2015_12_36_59_.jpg\",\"width\":530,\"height\":488},{\"@type\":\"BreadcrumbList\",\"@id\":\"https:\\\/\\\/www.notibras.com\\\/site\\\/o-11-de-setembro-frances-quem-mandou-atacar-o-charlie-hebdo\\\/#breadcrumb\",\"itemListElement\":[{\"@type\":\"ListItem\",\"position\":1,\"name\":\"In\u00edcio\",\"item\":\"https:\\\/\\\/www.notibras.com\\\/site\\\/\"},{\"@type\":\"ListItem\",\"position\":2,\"name\":\"O 11 de Setembro franc\u00eas. Quem mandou atacar o Charlie Hebdo?\"}]},{\"@type\":\"WebSite\",\"@id\":\"https:\\\/\\\/www.notibras.com\\\/site\\\/#website\",\"url\":\"https:\\\/\\\/www.notibras.com\\\/site\\\/\",\"name\":\"Notibras\",\"description\":\"Not\u00edcias de Bras\u00edlia, do Brasil e do Mundo\",\"publisher\":{\"@id\":\"https:\\\/\\\/www.notibras.com\\\/site\\\/#organization\"},\"potentialAction\":[{\"@type\":\"SearchAction\",\"target\":{\"@type\":\"EntryPoint\",\"urlTemplate\":\"https:\\\/\\\/www.notibras.com\\\/site\\\/?s={search_term_string}\"},\"query-input\":{\"@type\":\"PropertyValueSpecification\",\"valueRequired\":true,\"valueName\":\"search_term_string\"}}],\"inLanguage\":\"pt-BR\"},{\"@type\":\"Organization\",\"@id\":\"https:\\\/\\\/www.notibras.com\\\/site\\\/#organization\",\"name\":\"Grupo Notibras de Comunica\u00e7\u00e3o\",\"url\":\"https:\\\/\\\/www.notibras.com\\\/site\\\/\",\"logo\":{\"@type\":\"ImageObject\",\"inLanguage\":\"pt-BR\",\"@id\":\"https:\\\/\\\/www.notibras.com\\\/site\\\/#\\\/schema\\\/logo\\\/image\\\/\",\"url\":\"https:\\\/\\\/www.notibras.com\\\/site\\\/wp-content\\\/uploads\\\/2023\\\/01\\\/notibras23.png\",\"contentUrl\":\"https:\\\/\\\/www.notibras.com\\\/site\\\/wp-content\\\/uploads\\\/2023\\\/01\\\/notibras23.png\",\"width\":350,\"height\":87,\"caption\":\"Grupo Notibras de Comunica\u00e7\u00e3o\"},\"image\":{\"@id\":\"https:\\\/\\\/www.notibras.com\\\/site\\\/#\\\/schema\\\/logo\\\/image\\\/\"},\"sameAs\":[\"https:\\\/\\\/www.facebook.com\\\/notibras\\\/\",\"https:\\\/\\\/x.com\\\/Notibras\",\"https:\\\/\\\/www.instagram.com\\\/notibras\\\/\"]},{\"@type\":\"Person\",\"@id\":\"https:\\\/\\\/www.notibras.com\\\/site\\\/#\\\/schema\\\/person\\\/36ab0979449956132d3e5b517ea76ac8\",\"name\":\"Reda\u00e7\u00e3o\",\"image\":{\"@type\":\"ImageObject\",\"inLanguage\":\"pt-BR\",\"@id\":\"https:\\\/\\\/secure.gravatar.com\\\/avatar\\\/e0a867bdedb85fd243eadf09663511f96fc81e0720a4a42581f334ad4303aa6b?s=96&d=mm&r=g\",\"url\":\"https:\\\/\\\/secure.gravatar.com\\\/avatar\\\/e0a867bdedb85fd243eadf09663511f96fc81e0720a4a42581f334ad4303aa6b?s=96&d=mm&r=g\",\"contentUrl\":\"https:\\\/\\\/secure.gravatar.com\\\/avatar\\\/e0a867bdedb85fd243eadf09663511f96fc81e0720a4a42581f334ad4303aa6b?s=96&d=mm&r=g\",\"caption\":\"Reda\u00e7\u00e3o\"}}]}<\/script>\n<!-- \/ Yoast SEO plugin. -->","yoast_head_json":{"title":"O 11 de Setembro franc\u00eas. Quem mandou atacar o Charlie Hebdo? - Notibras","robots":{"index":"index","follow":"follow","max-snippet":"max-snippet:-1","max-image-preview":"max-image-preview:large","max-video-preview":"max-video-preview:-1"},"canonical":"https:\/\/www.notibras.com\/site\/o-11-de-setembro-frances-quem-mandou-atacar-o-charlie-hebdo\/","og_locale":"pt_BR","og_type":"article","og_title":"O 11 de Setembro franc\u00eas. Quem mandou atacar o Charlie Hebdo? - Notibras","og_description":"Quando numerosos franceses reagem ao atentado cometido contra o Charlie Hebdo denunciando o islamismo e manifestando-se nas ruas, Thierry Meyssan sublinha que a interpreta\u00e7\u00e3o jihadista \u00e9 imposs\u00edvel. Apesar de que teria todo o interesse em denunciar, tamb\u00e9m ele, uma opera\u00e7\u00e3o da Al-Qaeda ou da Daesh (ISIS), ele considera outra hip\u00f3tese, muito mais perigosa. Dia 7 [&hellip;]","og_url":"https:\/\/www.notibras.com\/site\/o-11-de-setembro-frances-quem-mandou-atacar-o-charlie-hebdo\/","og_site_name":"Notibras","article_publisher":"https:\/\/www.facebook.com\/notibras\/","article_published_time":"2015-01-10T14:55:56+00:00","og_image":[{"width":530,"height":488,"url":"https:\/\/www.notibras.com\/site\/wp-content\/uploads\/2015\/01\/09-01-2015_12_36_59_.jpg","type":"image\/jpeg"}],"author":"Reda\u00e7\u00e3o","twitter_card":"summary_large_image","twitter_creator":"@Notibras","twitter_site":"@Notibras","twitter_misc":{"Escrito por":"Reda\u00e7\u00e3o","Est. tempo de leitura":"6 minutos"},"schema":{"@context":"https:\/\/schema.org","@graph":[{"@type":"Article","@id":"https:\/\/www.notibras.com\/site\/o-11-de-setembro-frances-quem-mandou-atacar-o-charlie-hebdo\/#article","isPartOf":{"@id":"https:\/\/www.notibras.com\/site\/o-11-de-setembro-frances-quem-mandou-atacar-o-charlie-hebdo\/"},"author":{"name":"Reda\u00e7\u00e3o","@id":"https:\/\/www.notibras.com\/site\/#\/schema\/person\/36ab0979449956132d3e5b517ea76ac8"},"headline":"O 11 de Setembro franc\u00eas. Quem mandou atacar o Charlie Hebdo?","datePublished":"2015-01-10T14:55:56+00:00","mainEntityOfPage":{"@id":"https:\/\/www.notibras.com\/site\/o-11-de-setembro-frances-quem-mandou-atacar-o-charlie-hebdo\/"},"wordCount":1179,"commentCount":0,"publisher":{"@id":"https:\/\/www.notibras.com\/site\/#organization"},"image":{"@id":"https:\/\/www.notibras.com\/site\/o-11-de-setembro-frances-quem-mandou-atacar-o-charlie-hebdo\/#primaryimage"},"thumbnailUrl":"https:\/\/www.notibras.com\/site\/wp-content\/uploads\/2015\/01\/09-01-2015_12_36_59_.jpg","articleSection":["Opina a\u00ed"],"inLanguage":"pt-BR","potentialAction":[{"@type":"CommentAction","name":"Comment","target":["https:\/\/www.notibras.com\/site\/o-11-de-setembro-frances-quem-mandou-atacar-o-charlie-hebdo\/#respond"]}]},{"@type":"WebPage","@id":"https:\/\/www.notibras.com\/site\/o-11-de-setembro-frances-quem-mandou-atacar-o-charlie-hebdo\/","url":"https:\/\/www.notibras.com\/site\/o-11-de-setembro-frances-quem-mandou-atacar-o-charlie-hebdo\/","name":"O 11 de Setembro franc\u00eas. Quem mandou atacar o Charlie Hebdo? - Notibras","isPartOf":{"@id":"https:\/\/www.notibras.com\/site\/#website"},"primaryImageOfPage":{"@id":"https:\/\/www.notibras.com\/site\/o-11-de-setembro-frances-quem-mandou-atacar-o-charlie-hebdo\/#primaryimage"},"image":{"@id":"https:\/\/www.notibras.com\/site\/o-11-de-setembro-frances-quem-mandou-atacar-o-charlie-hebdo\/#primaryimage"},"thumbnailUrl":"https:\/\/www.notibras.com\/site\/wp-content\/uploads\/2015\/01\/09-01-2015_12_36_59_.jpg","datePublished":"2015-01-10T14:55:56+00:00","breadcrumb":{"@id":"https:\/\/www.notibras.com\/site\/o-11-de-setembro-frances-quem-mandou-atacar-o-charlie-hebdo\/#breadcrumb"},"inLanguage":"pt-BR","potentialAction":[{"@type":"ReadAction","target":["https:\/\/www.notibras.com\/site\/o-11-de-setembro-frances-quem-mandou-atacar-o-charlie-hebdo\/"]}]},{"@type":"ImageObject","inLanguage":"pt-BR","@id":"https:\/\/www.notibras.com\/site\/o-11-de-setembro-frances-quem-mandou-atacar-o-charlie-hebdo\/#primaryimage","url":"https:\/\/www.notibras.com\/site\/wp-content\/uploads\/2015\/01\/09-01-2015_12_36_59_.jpg","contentUrl":"https:\/\/www.notibras.com\/site\/wp-content\/uploads\/2015\/01\/09-01-2015_12_36_59_.jpg","width":530,"height":488},{"@type":"BreadcrumbList","@id":"https:\/\/www.notibras.com\/site\/o-11-de-setembro-frances-quem-mandou-atacar-o-charlie-hebdo\/#breadcrumb","itemListElement":[{"@type":"ListItem","position":1,"name":"In\u00edcio","item":"https:\/\/www.notibras.com\/site\/"},{"@type":"ListItem","position":2,"name":"O 11 de Setembro franc\u00eas. Quem mandou atacar o Charlie Hebdo?"}]},{"@type":"WebSite","@id":"https:\/\/www.notibras.com\/site\/#website","url":"https:\/\/www.notibras.com\/site\/","name":"Notibras","description":"Not\u00edcias de Bras\u00edlia, do Brasil e do Mundo","publisher":{"@id":"https:\/\/www.notibras.com\/site\/#organization"},"potentialAction":[{"@type":"SearchAction","target":{"@type":"EntryPoint","urlTemplate":"https:\/\/www.notibras.com\/site\/?s={search_term_string}"},"query-input":{"@type":"PropertyValueSpecification","valueRequired":true,"valueName":"search_term_string"}}],"inLanguage":"pt-BR"},{"@type":"Organization","@id":"https:\/\/www.notibras.com\/site\/#organization","name":"Grupo Notibras de Comunica\u00e7\u00e3o","url":"https:\/\/www.notibras.com\/site\/","logo":{"@type":"ImageObject","inLanguage":"pt-BR","@id":"https:\/\/www.notibras.com\/site\/#\/schema\/logo\/image\/","url":"https:\/\/www.notibras.com\/site\/wp-content\/uploads\/2023\/01\/notibras23.png","contentUrl":"https:\/\/www.notibras.com\/site\/wp-content\/uploads\/2023\/01\/notibras23.png","width":350,"height":87,"caption":"Grupo Notibras de Comunica\u00e7\u00e3o"},"image":{"@id":"https:\/\/www.notibras.com\/site\/#\/schema\/logo\/image\/"},"sameAs":["https:\/\/www.facebook.com\/notibras\/","https:\/\/x.com\/Notibras","https:\/\/www.instagram.com\/notibras\/"]},{"@type":"Person","@id":"https:\/\/www.notibras.com\/site\/#\/schema\/person\/36ab0979449956132d3e5b517ea76ac8","name":"Reda\u00e7\u00e3o","image":{"@type":"ImageObject","inLanguage":"pt-BR","@id":"https:\/\/secure.gravatar.com\/avatar\/e0a867bdedb85fd243eadf09663511f96fc81e0720a4a42581f334ad4303aa6b?s=96&d=mm&r=g","url":"https:\/\/secure.gravatar.com\/avatar\/e0a867bdedb85fd243eadf09663511f96fc81e0720a4a42581f334ad4303aa6b?s=96&d=mm&r=g","contentUrl":"https:\/\/secure.gravatar.com\/avatar\/e0a867bdedb85fd243eadf09663511f96fc81e0720a4a42581f334ad4303aa6b?s=96&d=mm&r=g","caption":"Reda\u00e7\u00e3o"}}]}},"amp_enabled":true,"_links":{"self":[{"href":"https:\/\/www.notibras.com\/site\/wp-json\/wp\/v2\/posts\/33619","targetHints":{"allow":["GET"]}}],"collection":[{"href":"https:\/\/www.notibras.com\/site\/wp-json\/wp\/v2\/posts"}],"about":[{"href":"https:\/\/www.notibras.com\/site\/wp-json\/wp\/v2\/types\/post"}],"author":[{"embeddable":true,"href":"https:\/\/www.notibras.com\/site\/wp-json\/wp\/v2\/users\/2"}],"replies":[{"embeddable":true,"href":"https:\/\/www.notibras.com\/site\/wp-json\/wp\/v2\/comments?post=33619"}],"version-history":[{"count":0,"href":"https:\/\/www.notibras.com\/site\/wp-json\/wp\/v2\/posts\/33619\/revisions"}],"wp:featuredmedia":[{"embeddable":true,"href":"https:\/\/www.notibras.com\/site\/wp-json\/wp\/v2\/media\/33620"}],"wp:attachment":[{"href":"https:\/\/www.notibras.com\/site\/wp-json\/wp\/v2\/media?parent=33619"}],"wp:term":[{"taxonomy":"category","embeddable":true,"href":"https:\/\/www.notibras.com\/site\/wp-json\/wp\/v2\/categories?post=33619"},{"taxonomy":"post_tag","embeddable":true,"href":"https:\/\/www.notibras.com\/site\/wp-json\/wp\/v2\/tags?post=33619"}],"curies":[{"name":"wp","href":"https:\/\/api.w.org\/{rel}","templated":true}]}}