{"id":336196,"date":"2024-09-09T00:20:03","date_gmt":"2024-09-09T03:20:03","guid":{"rendered":"https:\/\/www.notibras.com\/site\/?p=336196"},"modified":"2024-09-09T06:21:42","modified_gmt":"2024-09-09T09:21:42","slug":"danos-da-salgema-ainda-afligem-os-moradores-de-maceio","status":"publish","type":"post","link":"https:\/\/www.notibras.com\/site\/danos-da-salgema-ainda-afligem-os-moradores-de-maceio\/","title":{"rendered":"Danos da Salgema ainda afligem os moradores de Macei\u00f3"},"content":{"rendered":"<p>A explora\u00e7\u00e3o de sal-gema em Macei\u00f3 continua a impactar profundamente a vida dos moradores de bairros como Pinheiro, Bebedouro, Mutange e Bom Parto, na capital alagoana. Essas \u00e1reas foram gravemente afetados por rachaduras e afundamentos no solo, causados pela extra\u00e7\u00e3o descontrolada desse mineral subterr\u00e2neo, realizado pela Braskem, uma empresa petroqu\u00edmica.<\/p>\n<p>Em 2018, as primeiras ocorr\u00eancias de tremores e rachaduras come\u00e7aram a aparecer, alarmando a popula\u00e7\u00e3o e despertando investiga\u00e7\u00f5es sobre as causas do fen\u00f4meno. Posteriormente, foi descoberto que a minera\u00e7\u00e3o de sal-gema, que ocorre h\u00e1 d\u00e9cadas na regi\u00e3o, estava desestabilizando o solo, levando ao deslocamento de milhares de fam\u00edlias.<\/p>\n<p>A Braskem, apontada como respons\u00e1vel pelo desastre ambiental, iniciou um processo de indeniza\u00e7\u00e3o e remo\u00e7\u00e3o de fam\u00edlias, mas o trauma e os danos materiais persistem. At\u00e9 hoje, cerca de 50 mil pessoas foram afetadas e tiveram que deixar suas casas, enquanto outras ainda enfrentam a incerteza sobre seu futuro. Al\u00e9m das perdas financeiras, os impactos emocionais e psicol\u00f3gicos s\u00e3o imensos, com relatos de moradores sofrendo de transtornos de ansiedade, depress\u00e3o e estresse p\u00f3s-traum\u00e1tico.<\/p>\n<p>Mesmo com os esfor\u00e7os de repara\u00e7\u00e3o, muitos residentes consideram insuficientes as a\u00e7\u00f5es da empresa e das autoridades locais. Os preju\u00edzos \u00e0 infraestrutura e a deteriora\u00e7\u00e3o da qualidade de vida nos bairros atingidos s\u00e3o problemas que continuar\u00e3o a afetar a popula\u00e7\u00e3o a longo prazo.<\/p>\n","protected":false},"excerpt":{"rendered":"<p>A explora\u00e7\u00e3o de sal-gema em Macei\u00f3 continua a impactar profundamente a vida dos moradores de bairros como Pinheiro, Bebedouro, Mutange e Bom Parto, na capital alagoana. Essas \u00e1reas foram gravemente afetados por rachaduras e afundamentos no solo, causados pela extra\u00e7\u00e3o descontrolada desse mineral subterr\u00e2neo, realizado pela Braskem, uma empresa petroqu\u00edmica. Em 2018, as primeiras ocorr\u00eancias [&hellip;]<\/p>\n","protected":false},"author":2,"featured_media":319507,"comment_status":"closed","ping_status":"closed","sticky":false,"template":"","format":"standard","meta":{"_acf_changed":false,"footnotes":""},"categories":[165],"tags":[],"class_list":["post-336196","post","type-post","status-publish","format-standard","has-post-thumbnail","hentry","category-nordeste"],"acf":[],"_links":{"self":[{"href":"https:\/\/www.notibras.com\/site\/wp-json\/wp\/v2\/posts\/336196","targetHints":{"allow":["GET"]}}],"collection":[{"href":"https:\/\/www.notibras.com\/site\/wp-json\/wp\/v2\/posts"}],"about":[{"href":"https:\/\/www.notibras.com\/site\/wp-json\/wp\/v2\/types\/post"}],"author":[{"embeddable":true,"href":"https:\/\/www.notibras.com\/site\/wp-json\/wp\/v2\/users\/2"}],"replies":[{"embeddable":true,"href":"https:\/\/www.notibras.com\/site\/wp-json\/wp\/v2\/comments?post=336196"}],"version-history":[{"count":1,"href":"https:\/\/www.notibras.com\/site\/wp-json\/wp\/v2\/posts\/336196\/revisions"}],"predecessor-version":[{"id":336197,"href":"https:\/\/www.notibras.com\/site\/wp-json\/wp\/v2\/posts\/336196\/revisions\/336197"}],"wp:featuredmedia":[{"embeddable":true,"href":"https:\/\/www.notibras.com\/site\/wp-json\/wp\/v2\/media\/319507"}],"wp:attachment":[{"href":"https:\/\/www.notibras.com\/site\/wp-json\/wp\/v2\/media?parent=336196"}],"wp:term":[{"taxonomy":"category","embeddable":true,"href":"https:\/\/www.notibras.com\/site\/wp-json\/wp\/v2\/categories?post=336196"},{"taxonomy":"post_tag","embeddable":true,"href":"https:\/\/www.notibras.com\/site\/wp-json\/wp\/v2\/tags?post=336196"}],"curies":[{"name":"wp","href":"https:\/\/api.w.org\/{rel}","templated":true}]}}