{"id":336200,"date":"2024-09-09T06:48:37","date_gmt":"2024-09-09T09:48:37","guid":{"rendered":"https:\/\/www.notibras.com\/site\/?p=336200"},"modified":"2024-09-09T06:52:03","modified_gmt":"2024-09-09T09:52:03","slug":"eustaquio-viuvo-se-veste-de-ipe-e-frustra-amiga-viuva","status":"publish","type":"post","link":"https:\/\/www.notibras.com\/site\/eustaquio-viuvo-se-veste-de-ipe-e-frustra-amiga-viuva\/","title":{"rendered":"Eust\u00e1quio, vi\u00favo, se veste de ip\u00ea e frustra amiga vi\u00fava"},"content":{"rendered":"<p>Eust\u00e1quio, aos 74 anos, percebeu que j\u00e1 havia chegado o dia de guardar o luto pela perda da companheira de uma vida, que partira por conta desses acasos que, n\u00e3o raro, nos tomam por assalto. H\u00e1 quase dois anos, ao atravessar a avenida mais movimentada da cidade, a velha teve um piripaque e caiu dura. Por sorte, o caminh\u00e3o que vinha logo ali freou a tempo de n\u00e3o esmagar o fr\u00e1gil corpo da defunta.<\/p>\n<p>Bizarrices \u00e0 parte, o vi\u00favo precisou abra\u00e7ar a pr\u00f3pria sina, j\u00e1 que ningu\u00e9m o faria por ele. N\u00e3o que fosse solit\u00e1rio, sem parentes e amigos. N\u00e3o! Um ou outro gato pingado aparecia de vez em quando para visit\u00e1-lo, mas nada que durasse mais do que um par de horas, quando muito. Ademais, Eust\u00e1quio, por vontade ou teimosia, cismava em se manter distante da pra\u00e7a, onde os idosos costumavam gastar o pouco tempo que lhes restava em infind\u00e1veis partidas de domin\u00f3.<\/p>\n<p>Disposto a n\u00e3o entregar os pontos, abriu as janelas do apartamento sem pilotis na antiga quadra da Asa Sul. Olhou em volta e, ent\u00e3o, se deparou com um ip\u00ea florido de amarelo. Foi o estopim para empurrar o homem para a rua. Quem sabe, naquele dia, n\u00e3o encontraria algum motivo para continuar respirando o ar seco de Bras\u00edlia?<\/p>\n<p>J\u00e1 na cal\u00e7ada, Eust\u00e1quio rumou para a padaria. onde resolveu se sentar numa mesa ao canto. Pediu uma x\u00edcara de caf\u00e9 e dois p\u00e3es de queijo. Enquanto aguardava pelas iguarias, notou uma senhora em outra mesa. Tentou puxar pela mem\u00f3ria o nome da mulher, mas seu pensamento foi logo interrompido pela gar\u00e7onete, que lhe serviu.<\/p>\n<p>Enquanto sorvia o caf\u00e9 e mordiscava um p\u00e3o de queijo, Eust\u00e1quio, do nada, se lembrou do nome da conhecida. Veridiana! Sim, um nome incomum por esses tempos repletos de J\u00falias e Carolinas. Seja como for, o sujeito tratou de se levantar e ir dar um ol\u00e1 para a amiga.<\/p>\n<p>O cumprimento logo se tornou prosa das boas. Eust\u00e1quio pediu mais duas x\u00edcaras de caf\u00e9 e biscoitos sortidos para degustar com a companhia, que se revelou receptiva. E, por quase dois meses, a padaria se tornou ponto de encontro daqueles dois.<\/p>\n<p>Vi\u00favos que eram, Veridiana e Eust\u00e1quio resolveram tentar a sorte e marcaram de assistir a um filme na tarde de quarta-feira, quando os cinemas s\u00e3o mais vazios. Era o pren\u00fancio de que algo al\u00e9m de caf\u00e9 e biscoitos sortidos pudesse vir a acontecer. No entanto, somente o tempo poderia afirmar.<\/p>\n<p>No dia combinado, Eust\u00e1quio, provavelmente inspirado pelas flores do ip\u00ea-amarelo que havia visto h\u00e1 algum tempo, resolveu vestir a camisa da sele\u00e7\u00e3o brasileira. Bermuda branca com bolsos para todos os lados, t\u00eanis e meias soquete e, para completar o visual, os \u00f3culos escuros de certa marca italiana. E l\u00e1 foi o coroa para o pr\u00e9dio da amada, de onde pegariam um t\u00e1xi at\u00e9 o cinema.<\/p>\n<p>Veridiana, assim que avistou o quase namorado se aproximando, fez cara de espanto. Eust\u00e1quio parece que n\u00e3o percebeu a fisionomia contrariada da mulher, at\u00e9 que aconteceu o seguinte interl\u00fadio.<\/p>\n<p>\u2014 Por favor, Eust\u00e1quio! N\u00e3o v\u00e1 me dizer que voc\u00ea s\u00f3 tinha essa camisa?<\/p>\n<p>\u2014 N\u00e3o gostou?<\/p>\n<p>\u2014 \u00d3bvio que n\u00e3o!<\/p>\n<p>\u2014 U\u00e9, por qu\u00ea?<\/p>\n<p>\u2014 Voc\u00ea est\u00e1 parecendo um ovo estrelado.<\/p>\n<p><strong>*Eduardo Mart\u00ednez \u00e9 autor do livro \u201c57 Contos e Cr\u00f4nicas por um Autor muito Velho\u201d.<\/strong><\/p>\n<p>Compre aqui\u00a0<span class=\"x19la9d6 x1fc57z9 x6ikm8r x10wlt62 x19co3pv x1g5zs5t xfibh0p xiy17q3 x1xsqp64 x1lkfr7t xexx8yu x4uap5 x18d9i69 xkhd6sd\"><span class=\"xrtxmta x1bhl96m\"><img decoding=\"async\" class=\"emoji\" role=\"img\" draggable=\"false\" src=\"https:\/\/s.w.org\/images\/core\/emoji\/14.0.0\/svg\/1f447-1f3ff.svg\" alt=\"&#x1f447;&#x1f3ff;\" \/><\/span><\/span><span class=\"x19la9d6 x1fc57z9 x6ikm8r x10wlt62 x19co3pv x1g5zs5t xfibh0p xiy17q3 x1xsqp64 x1lkfr7t xexx8yu x4uap5 x18d9i69 xkhd6sd\"><span class=\"xrtxmta x1bhl96m\"><img decoding=\"async\" class=\"emoji\" role=\"img\" draggable=\"false\" src=\"https:\/\/s.w.org\/images\/core\/emoji\/14.0.0\/svg\/1f447-1f3ff.svg\" alt=\"&#x1f447;&#x1f3ff;\" \/><\/span><\/span><span class=\"x19la9d6 x1fc57z9 x6ikm8r x10wlt62 x19co3pv x1g5zs5t xfibh0p xiy17q3 x1xsqp64 x1lkfr7t xexx8yu x4uap5 x18d9i69 xkhd6sd\"><span class=\"xrtxmta x1bhl96m\"><img decoding=\"async\" class=\"emoji\" role=\"img\" draggable=\"false\" src=\"https:\/\/s.w.org\/images\/core\/emoji\/14.0.0\/svg\/1f447-1f3ff.svg\" alt=\"&#x1f447;&#x1f3ff;\" \/><\/span><\/span><\/p>\n<p><a href=\"http:\/\/www.joanineditora.com.br\/57-contos-e-cronicas-por-um-autor-muito-velho\">http:\/\/www.joanineditora.com.br\/57-contos-e-cronicas-por-um-autor-muito-velho<\/a><\/p>\n","protected":false},"excerpt":{"rendered":"<p>Eust\u00e1quio, aos 74 anos, percebeu que j\u00e1 havia chegado o dia de guardar o luto pela perda da companheira de uma vida, que partira por conta desses acasos que, n\u00e3o raro, nos tomam por assalto. H\u00e1 quase dois anos, ao atravessar a avenida mais movimentada da cidade, a velha teve um piripaque e caiu dura. [&hellip;]<\/p>\n","protected":false},"author":2,"featured_media":336201,"comment_status":"closed","ping_status":"closed","sticky":false,"template":"","format":"standard","meta":{"_acf_changed":false,"footnotes":""},"categories":[161],"tags":[],"class_list":["post-336200","post","type-post","status-publish","format-standard","has-post-thumbnail","hentry","category-quadradinho-em-foco"],"acf":[],"_links":{"self":[{"href":"https:\/\/www.notibras.com\/site\/wp-json\/wp\/v2\/posts\/336200","targetHints":{"allow":["GET"]}}],"collection":[{"href":"https:\/\/www.notibras.com\/site\/wp-json\/wp\/v2\/posts"}],"about":[{"href":"https:\/\/www.notibras.com\/site\/wp-json\/wp\/v2\/types\/post"}],"author":[{"embeddable":true,"href":"https:\/\/www.notibras.com\/site\/wp-json\/wp\/v2\/users\/2"}],"replies":[{"embeddable":true,"href":"https:\/\/www.notibras.com\/site\/wp-json\/wp\/v2\/comments?post=336200"}],"version-history":[{"count":3,"href":"https:\/\/www.notibras.com\/site\/wp-json\/wp\/v2\/posts\/336200\/revisions"}],"predecessor-version":[{"id":336204,"href":"https:\/\/www.notibras.com\/site\/wp-json\/wp\/v2\/posts\/336200\/revisions\/336204"}],"wp:featuredmedia":[{"embeddable":true,"href":"https:\/\/www.notibras.com\/site\/wp-json\/wp\/v2\/media\/336201"}],"wp:attachment":[{"href":"https:\/\/www.notibras.com\/site\/wp-json\/wp\/v2\/media?parent=336200"}],"wp:term":[{"taxonomy":"category","embeddable":true,"href":"https:\/\/www.notibras.com\/site\/wp-json\/wp\/v2\/categories?post=336200"},{"taxonomy":"post_tag","embeddable":true,"href":"https:\/\/www.notibras.com\/site\/wp-json\/wp\/v2\/tags?post=336200"}],"curies":[{"name":"wp","href":"https:\/\/api.w.org\/{rel}","templated":true}]}}