{"id":336205,"date":"2024-09-09T00:03:51","date_gmt":"2024-09-09T03:03:51","guid":{"rendered":"https:\/\/www.notibras.com\/site\/?p=336205"},"modified":"2024-09-09T07:05:37","modified_gmt":"2024-09-09T10:05:37","slug":"passagens-subterraneas-tem-cronograma-semanal-de-limpeza","status":"publish","type":"post","link":"https:\/\/www.notibras.com\/site\/passagens-subterraneas-tem-cronograma-semanal-de-limpeza\/","title":{"rendered":"Passagens subterr\u00e2neas t\u00eam cronograma semanal de limpeza"},"content":{"rendered":"<p>As 16 galerias que ligam os dois lados do Eixo Rodovi\u00e1rio, uma pista com grande fluxo de ve\u00edculos, foram criadas para serem alternativas seguras para a travessia de pedestres. Manter essas passagens subterr\u00e2neas limpas e em boas condi\u00e7\u00f5es de higiene \u00e9 um trabalho realizado pelo Servi\u00e7o de Limpeza Urbana (SLU).<\/p>\n<p>\u00c0s segundas, quartas e sextas, passam por limpeza as galerias da Asa Sul, e \u00e0s ter\u00e7as, quintas e s\u00e1bados as passagens da Asa Norte. J\u00e1 a limpeza e a lavagem das passagens subterr\u00e2neas pr\u00f3ximas ao Hospital Regional da Asa Norte (Hran) e ao Hospital de Base s\u00e3o feitas de segunda a s\u00e1bado.<\/p>\n<p>Segundo o chefe do N\u00facleo de Limpeza do Plano Piloto, Valdemir In\u00e1cio, o servi\u00e7o \u00e9 feito sempre \u00e0 noite, entre as 19h e as 20h, por equipes compostas por tr\u00eas pessoas: o condutor do caminh\u00e3o pipa e dois garis. \u201cNa limpeza de cada uma das galerias do Eix\u00e3o, as equipes usam detergente, desinfetante, \u00e1gua fria e, quando necess\u00e1rio, \u00e1gua quente\u201d, explica o chefe do N\u00facleo de Limpeza do Plano Piloto, Valdemir In\u00e1cio.<\/p>\n<p>O diretor-presidente do SLU, Luiz Felipe Cardoso de Carvalho, enfatizou a necessidade de a popula\u00e7\u00e3o que utiliza as passagens subterr\u00e2neas colaborar com a manuten\u00e7\u00e3o da limpeza, que \u00e9 feita todos os dias.<\/p>\n<p>\u201cO Servi\u00e7o de Limpeza Urbana mant\u00e9m lixeiras nas galerias das passagens subterr\u00e2neas da Asa Sul e da Asa Norte, ent\u00e3o n\u00e3o h\u00e1 motivos para as pessoas jogarem lixo no ch\u00e3o. Essas passagens servem apenas para deslocamento de um ponto a outro e n\u00e3o h\u00e1 nenhuma atividade que gere res\u00edduos no seu interior\u201d, enfatiza.<\/p>\n<p><strong>Lavagem<\/strong><br \/>\nEntre os v\u00e1rios servi\u00e7os de limpeza urbana prestados pelo SLU, est\u00e1 o servi\u00e7o de lavagem de monumentos, vias e equipamentos p\u00fablicos (como pontos de \u00f4nibus e passagens subterr\u00e2neas), por meio do jateamento de \u00e1gua, com press\u00e3o suficiente para a remo\u00e7\u00e3o de res\u00edduos que ficam acumulados e impregnados.<\/p>\n<p>Ao contr\u00e1rio da lavagem espec\u00edfica das galerias do Eixo Rodovi\u00e1rio, que possui cronograma fixo, o servi\u00e7o feito em outras vias e monumentos p\u00fablicos ocorre em fun\u00e7\u00e3o da demanda e do fluxo de pedestres e de ve\u00edculos, a partir de programa\u00e7\u00e3o estabelecida mensalmente pela autarquia. A lavagem \u00e9 feita, normalmente, de segunda a s\u00e1bado, preferencialmente no per\u00edodo noturno. Qualquer cidad\u00e3o pode solicitar o servi\u00e7o (exceto em monumentos e \u00e1reas particulares) ou denunciar monumentos, equipamentos e espa\u00e7os p\u00fablicos danificados, por meio da Ouvidoria Geral: no telefone 162 ou no site.<\/p>\n","protected":false},"excerpt":{"rendered":"<p>As 16 galerias que ligam os dois lados do Eixo Rodovi\u00e1rio, uma pista com grande fluxo de ve\u00edculos, foram criadas para serem alternativas seguras para a travessia de pedestres. Manter essas passagens subterr\u00e2neas limpas e em boas condi\u00e7\u00f5es de higiene \u00e9 um trabalho realizado pelo Servi\u00e7o de Limpeza Urbana (SLU). \u00c0s segundas, quartas e sextas, [&hellip;]<\/p>\n","protected":false},"author":2,"featured_media":336206,"comment_status":"closed","ping_status":"closed","sticky":false,"template":"","format":"standard","meta":{"_acf_changed":false,"footnotes":""},"categories":[161],"tags":[],"class_list":["post-336205","post","type-post","status-publish","format-standard","has-post-thumbnail","hentry","category-quadradinho-em-foco"],"acf":[],"_links":{"self":[{"href":"https:\/\/www.notibras.com\/site\/wp-json\/wp\/v2\/posts\/336205","targetHints":{"allow":["GET"]}}],"collection":[{"href":"https:\/\/www.notibras.com\/site\/wp-json\/wp\/v2\/posts"}],"about":[{"href":"https:\/\/www.notibras.com\/site\/wp-json\/wp\/v2\/types\/post"}],"author":[{"embeddable":true,"href":"https:\/\/www.notibras.com\/site\/wp-json\/wp\/v2\/users\/2"}],"replies":[{"embeddable":true,"href":"https:\/\/www.notibras.com\/site\/wp-json\/wp\/v2\/comments?post=336205"}],"version-history":[{"count":1,"href":"https:\/\/www.notibras.com\/site\/wp-json\/wp\/v2\/posts\/336205\/revisions"}],"predecessor-version":[{"id":336207,"href":"https:\/\/www.notibras.com\/site\/wp-json\/wp\/v2\/posts\/336205\/revisions\/336207"}],"wp:featuredmedia":[{"embeddable":true,"href":"https:\/\/www.notibras.com\/site\/wp-json\/wp\/v2\/media\/336206"}],"wp:attachment":[{"href":"https:\/\/www.notibras.com\/site\/wp-json\/wp\/v2\/media?parent=336205"}],"wp:term":[{"taxonomy":"category","embeddable":true,"href":"https:\/\/www.notibras.com\/site\/wp-json\/wp\/v2\/categories?post=336205"},{"taxonomy":"post_tag","embeddable":true,"href":"https:\/\/www.notibras.com\/site\/wp-json\/wp\/v2\/tags?post=336205"}],"curies":[{"name":"wp","href":"https:\/\/api.w.org\/{rel}","templated":true}]}}