{"id":336208,"date":"2024-09-09T00:00:45","date_gmt":"2024-09-09T03:00:45","guid":{"rendered":"https:\/\/www.notibras.com\/site\/?p=336208"},"modified":"2024-09-09T07:16:01","modified_gmt":"2024-09-09T10:16:01","slug":"acao-educativa-conscientiza-criancas-sobre-incendios-florestais","status":"publish","type":"post","link":"https:\/\/www.notibras.com\/site\/acao-educativa-conscientiza-criancas-sobre-incendios-florestais\/","title":{"rendered":"A\u00e7\u00e3o educativa conscientiza crian\u00e7as sobre inc\u00eandios florestais"},"content":{"rendered":"<p>Nesta segunda-feira (9), o Centro Educacional Carlos Motta, no Lago Oeste, ser\u00e1 palco de uma grande a\u00e7\u00e3o educativa em comemora\u00e7\u00e3o \u00e0 Semana do Cerrado. Cerca de 700 crian\u00e7as, do 1\u00ba ao 9\u00ba ano, participar\u00e3o de atividades voltadas \u00e0 conscientiza\u00e7\u00e3o sobre os inc\u00eandios florestais, um tema de extrema relev\u00e2ncia para a preserva\u00e7\u00e3o do bioma.<\/p>\n<p>A a\u00e7\u00e3o, que ocorrer\u00e1 das 8h \u00e0s 17h, conta com a colabora\u00e7\u00e3o de importantes institui\u00e7\u00f5es como a Secretaria do Meio Ambiente e Prote\u00e7\u00e3o Animal (Sema-DF), o Batalh\u00e3o de Pol\u00edcia Militar Ambiental (BPMA), o Instituto Bras\u00edlia Ambiental, o Corpo de Bombeiros Militar do Distrito Federal (CBMDF) e o Instituto Brasileiro do Meio Ambiente e dos Recursos Naturais Renov\u00e1veis (Ibama).<\/p>\n<p>O principal objetivo do evento \u00e9 conscientizar os estudantes sobre os riscos e as consequ\u00eancias dos inc\u00eandios florestais, al\u00e9m de enfatizar a import\u00e2ncia da preven\u00e7\u00e3o. Para isso, ser\u00e3o realizadas diversas atividades simult\u00e2neas, incluindo conta\u00e7\u00e3o de hist\u00f3rias, jogos interativos, exposi\u00e7\u00f5es com animais do Cerrado, demonstra\u00e7\u00f5es de ve\u00edculos e equipamentos de combate a inc\u00eandios, v\u00eddeos educativos, e um painel de pintura onde os alunos poder\u00e3o expressar o que aprenderam.<\/p>\n<p>O secret\u00e1rio do Meio Ambiente, Gutemberg Gomes, destaca a import\u00e2ncia da iniciativa. \u201c\u00c9 fundamental que desde cedo as crian\u00e7as compreendam os impactos dos inc\u00eandios florestais e a necessidade de preservar o Cerrado. Este tipo de a\u00e7\u00e3o n\u00e3o s\u00f3 educa, mas tamb\u00e9m engaja a comunidade na preven\u00e7\u00e3o desses desastres\u201d, comentou.<\/p>\n<p>A coordenadora do Plano de Preven\u00e7\u00e3o e Combate aos Inc\u00eandios Florestais (PPCIF), Carol Schubart, tamb\u00e9m ressalta o papel transformador da atividade. \u201cAprendendo sobre a preven\u00e7\u00e3o de inc\u00eandios, as crian\u00e7as se tornam verdadeiros multiplicadores de conhecimento. Muitos deles vivem em \u00e1reas rurais e podem levar essas li\u00e7\u00f5es para suas fam\u00edlias e comunidades, contribuindo diretamente para a prote\u00e7\u00e3o do Cerrado\u201d, destacou.<\/p>\n<p>Al\u00e9m de proporcionar um dia de divers\u00e3o e aprendizado, a a\u00e7\u00e3o conjunta entre os diversos \u00f3rg\u00e3os visa multiplicar o conhecimento. Os estudantes, muitos deles residentes na \u00e1rea rural, tornam-se agentes multiplicadores, levando as li\u00e7\u00f5es aprendidas para suas fam\u00edlias e comunidades, promovendo a conscientiza\u00e7\u00e3o e a preven\u00e7\u00e3o dos inc\u00eandios florestais no Lago Oeste.<\/p>\n<p>A participa\u00e7\u00e3o das crian\u00e7as do CED Carlos Motta \u00e9 crucial para despertar a consci\u00eancia ambiental e o cuidado com o Cerrado, um dos biomas mais importantes e amea\u00e7ados do Brasil. A iniciativa tamb\u00e9m destaca a atua\u00e7\u00e3o do Plano de Preven\u00e7\u00e3o e Combate aos Inc\u00eandios Florestais (PPCIF), coordenado pela Sema e composto por uma s\u00e9rie de institui\u00e7\u00f5es comprometidas com a prote\u00e7\u00e3o do meio ambiente e a seguran\u00e7a das comunidades.<\/p>\n","protected":false},"excerpt":{"rendered":"<p>Nesta segunda-feira (9), o Centro Educacional Carlos Motta, no Lago Oeste, ser\u00e1 palco de uma grande a\u00e7\u00e3o educativa em comemora\u00e7\u00e3o \u00e0 Semana do Cerrado. Cerca de 700 crian\u00e7as, do 1\u00ba ao 9\u00ba ano, participar\u00e3o de atividades voltadas \u00e0 conscientiza\u00e7\u00e3o sobre os inc\u00eandios florestais, um tema de extrema relev\u00e2ncia para a preserva\u00e7\u00e3o do bioma. A a\u00e7\u00e3o, [&hellip;]<\/p>\n","protected":false},"author":2,"featured_media":301198,"comment_status":"closed","ping_status":"closed","sticky":false,"template":"","format":"standard","meta":{"_acf_changed":false,"footnotes":""},"categories":[161],"tags":[],"class_list":["post-336208","post","type-post","status-publish","format-standard","has-post-thumbnail","hentry","category-quadradinho-em-foco"],"acf":[],"_links":{"self":[{"href":"https:\/\/www.notibras.com\/site\/wp-json\/wp\/v2\/posts\/336208","targetHints":{"allow":["GET"]}}],"collection":[{"href":"https:\/\/www.notibras.com\/site\/wp-json\/wp\/v2\/posts"}],"about":[{"href":"https:\/\/www.notibras.com\/site\/wp-json\/wp\/v2\/types\/post"}],"author":[{"embeddable":true,"href":"https:\/\/www.notibras.com\/site\/wp-json\/wp\/v2\/users\/2"}],"replies":[{"embeddable":true,"href":"https:\/\/www.notibras.com\/site\/wp-json\/wp\/v2\/comments?post=336208"}],"version-history":[{"count":1,"href":"https:\/\/www.notibras.com\/site\/wp-json\/wp\/v2\/posts\/336208\/revisions"}],"predecessor-version":[{"id":336209,"href":"https:\/\/www.notibras.com\/site\/wp-json\/wp\/v2\/posts\/336208\/revisions\/336209"}],"wp:featuredmedia":[{"embeddable":true,"href":"https:\/\/www.notibras.com\/site\/wp-json\/wp\/v2\/media\/301198"}],"wp:attachment":[{"href":"https:\/\/www.notibras.com\/site\/wp-json\/wp\/v2\/media?parent=336208"}],"wp:term":[{"taxonomy":"category","embeddable":true,"href":"https:\/\/www.notibras.com\/site\/wp-json\/wp\/v2\/categories?post=336208"},{"taxonomy":"post_tag","embeddable":true,"href":"https:\/\/www.notibras.com\/site\/wp-json\/wp\/v2\/tags?post=336208"}],"curies":[{"name":"wp","href":"https:\/\/api.w.org\/{rel}","templated":true}]}}