{"id":336210,"date":"2024-09-09T00:00:51","date_gmt":"2024-09-09T03:00:51","guid":{"rendered":"https:\/\/www.notibras.com\/site\/?p=336210"},"modified":"2024-09-09T07:24:32","modified_gmt":"2024-09-09T10:24:32","slug":"semana-do-cerrado-reforca-importancia-de-preservacao-do-bioma","status":"publish","type":"post","link":"https:\/\/www.notibras.com\/site\/semana-do-cerrado-reforca-importancia-de-preservacao-do-bioma\/","title":{"rendered":"Semana do Cerrado refor\u00e7a import\u00e2ncia de preserva\u00e7\u00e3o do bioma"},"content":{"rendered":"<p>A Semana do Cerrado, organizada pela Secretaria de Meio Ambiente, busca promover a conscientiza\u00e7\u00e3o e valoriza\u00e7\u00e3o deste bioma \u00fanico, considerado a savana mais rica em biodiversidade do mundo. De 9 a 13 de setembro, a programa\u00e7\u00e3o contar\u00e1 com atividades educativas, culturais e interativas, todas voltadas para engajar a popula\u00e7\u00e3o na prote\u00e7\u00e3o e preserva\u00e7\u00e3o do Cerrado, destacando sua import\u00e2ncia para o equil\u00edbrio ecol\u00f3gico e para as comunidades que dependem dele.<\/p>\n<p>O secret\u00e1rio de Meio Ambiente, Gutemberg Gomes, destaca a relev\u00e2ncia das atividades para a conscientiza\u00e7\u00e3o popular. \u201cA preserva\u00e7\u00e3o do Cerrado n\u00e3o \u00e9 apenas uma quest\u00e3o local, mas uma responsabilidade global. Precisamos engajar a sociedade em pr\u00e1ticas sustent\u00e1veis para garantir o futuro desse bioma t\u00e3o essencial. A Semana do Cerrado \u00e9 uma oportunidade para ampliar o conhecimento sobre esse bioma e refor\u00e7ar o compromisso com a preserva\u00e7\u00e3o ambiental, garantindo um futuro mais verde para todos\u201d, comentou.<\/p>\n<p>Entre os principais temas da semana est\u00e3o a educa\u00e7\u00e3o ambiental, a preven\u00e7\u00e3o de inc\u00eandios florestais e o incentivo ao uso sustent\u00e1vel dos recursos naturais. Lan\u00e7amentos de projetos inovadores, mostras audiovisuais e concursos, especialmente voltados para jovens, tamb\u00e9m fazem parte da agenda, incentivando o engajamento social e a criatividade.<\/p>\n<p>Na segunda-feira (9), a semana come\u00e7a com o debate sobre Educa\u00e7\u00e3o Ambiental e Inc\u00eandios Florestais, no Centro Educacional Carlos Motta, localizado no N\u00facleo Rural Lago Oeste. No dia 11, a Calculadora Verde ser\u00e1 lan\u00e7ada no Audit\u00f3rio do DER, seguida de uma mostra audiovisual no Parque Ecol\u00f3gico de \u00c1guas Claras. No dia 12, acontece o lan\u00e7amento do 1\u00ba concurso de reda\u00e7\u00e3o \u201cAmaz\u00f4nia e Cerrado na ponta do l\u00e1pis\u201d, na Escola da Natureza de Bras\u00edlia, no Parque da Cidade.<\/p>\n","protected":false},"excerpt":{"rendered":"<p>A Semana do Cerrado, organizada pela Secretaria de Meio Ambiente, busca promover a conscientiza\u00e7\u00e3o e valoriza\u00e7\u00e3o deste bioma \u00fanico, considerado a savana mais rica em biodiversidade do mundo. De 9 a 13 de setembro, a programa\u00e7\u00e3o contar\u00e1 com atividades educativas, culturais e interativas, todas voltadas para engajar a popula\u00e7\u00e3o na prote\u00e7\u00e3o e preserva\u00e7\u00e3o do Cerrado, [&hellip;]<\/p>\n","protected":false},"author":2,"featured_media":336211,"comment_status":"closed","ping_status":"closed","sticky":false,"template":"","format":"standard","meta":{"_acf_changed":false,"footnotes":""},"categories":[161],"tags":[],"class_list":["post-336210","post","type-post","status-publish","format-standard","has-post-thumbnail","hentry","category-quadradinho-em-foco"],"acf":[],"_links":{"self":[{"href":"https:\/\/www.notibras.com\/site\/wp-json\/wp\/v2\/posts\/336210","targetHints":{"allow":["GET"]}}],"collection":[{"href":"https:\/\/www.notibras.com\/site\/wp-json\/wp\/v2\/posts"}],"about":[{"href":"https:\/\/www.notibras.com\/site\/wp-json\/wp\/v2\/types\/post"}],"author":[{"embeddable":true,"href":"https:\/\/www.notibras.com\/site\/wp-json\/wp\/v2\/users\/2"}],"replies":[{"embeddable":true,"href":"https:\/\/www.notibras.com\/site\/wp-json\/wp\/v2\/comments?post=336210"}],"version-history":[{"count":1,"href":"https:\/\/www.notibras.com\/site\/wp-json\/wp\/v2\/posts\/336210\/revisions"}],"predecessor-version":[{"id":336212,"href":"https:\/\/www.notibras.com\/site\/wp-json\/wp\/v2\/posts\/336210\/revisions\/336212"}],"wp:featuredmedia":[{"embeddable":true,"href":"https:\/\/www.notibras.com\/site\/wp-json\/wp\/v2\/media\/336211"}],"wp:attachment":[{"href":"https:\/\/www.notibras.com\/site\/wp-json\/wp\/v2\/media?parent=336210"}],"wp:term":[{"taxonomy":"category","embeddable":true,"href":"https:\/\/www.notibras.com\/site\/wp-json\/wp\/v2\/categories?post=336210"},{"taxonomy":"post_tag","embeddable":true,"href":"https:\/\/www.notibras.com\/site\/wp-json\/wp\/v2\/tags?post=336210"}],"curies":[{"name":"wp","href":"https:\/\/api.w.org\/{rel}","templated":true}]}}