{"id":336226,"date":"2024-09-09T12:26:08","date_gmt":"2024-09-09T15:26:08","guid":{"rendered":"https:\/\/www.notibras.com\/site\/?p=336226"},"modified":"2024-09-09T13:28:19","modified_gmt":"2024-09-09T16:28:19","slug":"deolane-deixa-presidio-em-pernambuco-e-vai-pra-casa-com-tornozeleira","status":"publish","type":"post","link":"https:\/\/www.notibras.com\/site\/deolane-deixa-presidio-em-pernambuco-e-vai-pra-casa-com-tornozeleira\/","title":{"rendered":"Deolane deixa pres\u00eddio em Pernambuco e vai pra casa com tornozeleira"},"content":{"rendered":"<p>A Justi\u00e7a de Pernambuco concedeu liberdade provis\u00f3ria para a influenciadora digital Deolane Bezerra. Ela estava em um pres\u00eddio feminino desde a quarta-feira, 4 de setembro.<\/p>\n<p>O habeas corpus foi acatado pelo Poder Judici\u00e1rio pernambucano, mas determinou que Deolane cumpra pris\u00e3o domiciliar, com o uso de tornozeleira eletr\u00f4nica.<\/p>\n<p>A influenciadora &#8211; que tamb\u00e9m \u00e9 advogada &#8211; foi presa em uma opera\u00e7\u00e3o que mira uma organiza\u00e7\u00e3o criminosa suspeita de envolvimento em jogos ilegais e lavagem de dinheiro.<\/p>\n<p>O uso da tornozeleira ser\u00e1 obrigat\u00f3rio enquanto as investiga\u00e7\u00f5es sobre as atividades da suposta organiza\u00e7\u00e3o criminosa continuarem.<\/p>\n","protected":false},"excerpt":{"rendered":"<p>A Justi\u00e7a de Pernambuco concedeu liberdade provis\u00f3ria para a influenciadora digital Deolane Bezerra. Ela estava em um pres\u00eddio feminino desde a quarta-feira, 4 de setembro. O habeas corpus foi acatado pelo Poder Judici\u00e1rio pernambucano, mas determinou que Deolane cumpra pris\u00e3o domiciliar, com o uso de tornozeleira eletr\u00f4nica. A influenciadora &#8211; que tamb\u00e9m \u00e9 advogada &#8211; [&hellip;]<\/p>\n","protected":false},"author":2,"featured_media":336227,"comment_status":"closed","ping_status":"closed","sticky":false,"template":"","format":"standard","meta":{"_acf_changed":false,"footnotes":""},"categories":[165],"tags":[95],"class_list":["post-336226","post","type-post","status-publish","format-standard","has-post-thumbnail","hentry","category-nordeste","tag-capa"],"acf":[],"_links":{"self":[{"href":"https:\/\/www.notibras.com\/site\/wp-json\/wp\/v2\/posts\/336226","targetHints":{"allow":["GET"]}}],"collection":[{"href":"https:\/\/www.notibras.com\/site\/wp-json\/wp\/v2\/posts"}],"about":[{"href":"https:\/\/www.notibras.com\/site\/wp-json\/wp\/v2\/types\/post"}],"author":[{"embeddable":true,"href":"https:\/\/www.notibras.com\/site\/wp-json\/wp\/v2\/users\/2"}],"replies":[{"embeddable":true,"href":"https:\/\/www.notibras.com\/site\/wp-json\/wp\/v2\/comments?post=336226"}],"version-history":[{"count":1,"href":"https:\/\/www.notibras.com\/site\/wp-json\/wp\/v2\/posts\/336226\/revisions"}],"predecessor-version":[{"id":336228,"href":"https:\/\/www.notibras.com\/site\/wp-json\/wp\/v2\/posts\/336226\/revisions\/336228"}],"wp:featuredmedia":[{"embeddable":true,"href":"https:\/\/www.notibras.com\/site\/wp-json\/wp\/v2\/media\/336227"}],"wp:attachment":[{"href":"https:\/\/www.notibras.com\/site\/wp-json\/wp\/v2\/media?parent=336226"}],"wp:term":[{"taxonomy":"category","embeddable":true,"href":"https:\/\/www.notibras.com\/site\/wp-json\/wp\/v2\/categories?post=336226"},{"taxonomy":"post_tag","embeddable":true,"href":"https:\/\/www.notibras.com\/site\/wp-json\/wp\/v2\/tags?post=336226"}],"curies":[{"name":"wp","href":"https:\/\/api.w.org\/{rel}","templated":true}]}}