{"id":336263,"date":"2024-09-10T04:48:36","date_gmt":"2024-09-10T07:48:36","guid":{"rendered":"https:\/\/www.notibras.com\/site\/?p=336263"},"modified":"2024-09-10T04:52:26","modified_gmt":"2024-09-10T07:52:26","slug":"bonita-e-gostosa-como-diria-rita-lee-deixa-as-pobres-as-negras-e-as-feias-mofando","status":"publish","type":"post","link":"https:\/\/www.notibras.com\/site\/bonita-e-gostosa-como-diria-rita-lee-deixa-as-pobres-as-negras-e-as-feias-mofando\/","title":{"rendered":"Bonita e gostosa, como diria Rita Lee, deixa as pobres, as negras e as feias mofando"},"content":{"rendered":"<p>A advogada e influenciadora digital Deolane Bezerra, 36 anos, deixou a Col\u00f4nia Penal Feminina do Recife. Conseguiu um habeas corpus e vai ficar em pris\u00e3o domiciliar com o uso de tornozeleira eletr\u00f4nica. &#8216;Deo&#8217; pode, com R de poder. Afinal, num pa\u00eds onde magistrados s\u00e3o aposentados compulsoriamente por venda de senten\u00e7as, tudo &#8211; ou quase tudo &#8211; acontece.<\/p>\n<p>Culpa da legisla\u00e7\u00e3o brasileira &#8211; que permite que m\u00e3es de filhos menores de 12 anos cumpram pena em regime domiciliar, com base no Art. 318 do C\u00f3digo de Processo Penal &#8211; ou fruto do saldo na conta banc\u00e1ria? Livrar m\u00e3es com filhos pequenos da cadeia que visa proteger o interesse das crian\u00e7as e promover um ambiente familiar mais est\u00e1vel, \u00e9, em tese, um avan\u00e7o importante no campo dos direitos humanos e das pol\u00edticas penais.<\/p>\n<p>No entanto e \u00e9 a\u00ed que reside o problema -, na pr\u00e1tica, essa legisla\u00e7\u00e3o tem gerado questionamentos profundos sobre sua efetiva aplica\u00e7\u00e3o: a lei \u00e9 para todos ou apenas para os privilegiados?<\/p>\n<p>Observamos que mulheres brancas, de classe m\u00e9dia ou alta, conseguem usufruir dessa possibilidade com mais facilidade, muitas vezes em raz\u00e3o de acesso a advogados influentes ou melhores condi\u00e7\u00f5es financeiras que lhes permitem mobilizar o aparato judicial em seu favor. H\u00e1 casos emblem\u00e1ticos de figuras p\u00fablicas que, condenadas por crimes de grande repercuss\u00e3o, conseguiram o benef\u00edcio com relativa celeridade.<\/p>\n<p>Por outro lado, o que acontece com as mulheres negras e pobres, que em sua maioria comp\u00f5em a popula\u00e7\u00e3o carcer\u00e1ria feminina no Brasil? Muitas dessas m\u00e3es, mesmo sendo tecnicamente eleg\u00edveis para o regime domiciliar, enfrentam dificuldades imensas para ter seus direitos reconhecidos.<\/p>\n<p>O sistema jur\u00eddico \u00e9 discricion\u00e1rio, mais duro e seletivo com essas mulheres. Elas enfrentam obst\u00e1culos relacionados \u00e0 burocracia judicial, \u00e0 falta de advogados dedicados, \u00e0 morosidade no tr\u00e2mite dos processos e ao preconceito estrutural que permeia as institui\u00e7\u00f5es de justi\u00e7a. A criminaliza\u00e7\u00e3o da pobreza e do racismo institucional \u00e9 evidente quando olhamos para essas m\u00e3es que, apesar de terem o direito legal, permanecem atr\u00e1s das grades.<\/p>\n<p>Ao perguntar se a lei \u00e9 para todos ou s\u00f3 para os ricos, nos deparamos com uma realidade que escancara as desigualdades sociais no Brasil. A aplica\u00e7\u00e3o seletiva das leis reproduz um sistema de exclus\u00e3o que penaliza duplamente aquelas que, al\u00e9m de sofrerem com a pobreza, s\u00e3o m\u00e3es em situa\u00e7\u00e3o de vulnerabilidade. Para essas mulheres, a pris\u00e3o n\u00e3o se limita \u00e0s grades f\u00edsicas, mas se estende \u00e0 invisibilidade, \u00e0 discrimina\u00e7\u00e3o e \u00e0 nega\u00e7\u00e3o de direitos.<\/p>\n<p>Assim, a pergunta persiste: como garantir que m\u00e3es negras e pobres, que vivem atr\u00e1s das grades, tenham o mesmo acesso ao direito \u00e0 pris\u00e3o domiciliar que mulheres mais privilegiadas? A resposta passa por uma profunda reflex\u00e3o sobre as estruturas de poder, racismo e desigualdade social que moldam o sistema de justi\u00e7a brasileiro. E algu\u00e9m precisa olhar para essa quest\u00e3o. Quem sabe dona Maca\u00e9, prestes a cuidar dos Direitos Humanos, abra os olhos nessa dire\u00e7\u00e3o.<\/p>\n","protected":false},"excerpt":{"rendered":"<p>A advogada e influenciadora digital Deolane Bezerra, 36 anos, deixou a Col\u00f4nia Penal Feminina do Recife. Conseguiu um habeas corpus e vai ficar em pris\u00e3o domiciliar com o uso de tornozeleira eletr\u00f4nica. &#8216;Deo&#8217; pode, com R de poder. Afinal, num pa\u00eds onde magistrados s\u00e3o aposentados compulsoriamente por venda de senten\u00e7as, tudo &#8211; ou quase tudo [&hellip;]<\/p>\n","protected":false},"author":2,"featured_media":336264,"comment_status":"closed","ping_status":"closed","sticky":false,"template":"","format":"standard","meta":{"_acf_changed":false,"footnotes":""},"categories":[165],"tags":[],"class_list":["post-336263","post","type-post","status-publish","format-standard","has-post-thumbnail","hentry","category-nordeste"],"acf":[],"_links":{"self":[{"href":"https:\/\/www.notibras.com\/site\/wp-json\/wp\/v2\/posts\/336263","targetHints":{"allow":["GET"]}}],"collection":[{"href":"https:\/\/www.notibras.com\/site\/wp-json\/wp\/v2\/posts"}],"about":[{"href":"https:\/\/www.notibras.com\/site\/wp-json\/wp\/v2\/types\/post"}],"author":[{"embeddable":true,"href":"https:\/\/www.notibras.com\/site\/wp-json\/wp\/v2\/users\/2"}],"replies":[{"embeddable":true,"href":"https:\/\/www.notibras.com\/site\/wp-json\/wp\/v2\/comments?post=336263"}],"version-history":[{"count":4,"href":"https:\/\/www.notibras.com\/site\/wp-json\/wp\/v2\/posts\/336263\/revisions"}],"predecessor-version":[{"id":336268,"href":"https:\/\/www.notibras.com\/site\/wp-json\/wp\/v2\/posts\/336263\/revisions\/336268"}],"wp:featuredmedia":[{"embeddable":true,"href":"https:\/\/www.notibras.com\/site\/wp-json\/wp\/v2\/media\/336264"}],"wp:attachment":[{"href":"https:\/\/www.notibras.com\/site\/wp-json\/wp\/v2\/media?parent=336263"}],"wp:term":[{"taxonomy":"category","embeddable":true,"href":"https:\/\/www.notibras.com\/site\/wp-json\/wp\/v2\/categories?post=336263"},{"taxonomy":"post_tag","embeddable":true,"href":"https:\/\/www.notibras.com\/site\/wp-json\/wp\/v2\/tags?post=336263"}],"curies":[{"name":"wp","href":"https:\/\/api.w.org\/{rel}","templated":true}]}}