{"id":336275,"date":"2024-09-10T05:17:06","date_gmt":"2024-09-10T08:17:06","guid":{"rendered":"https:\/\/www.notibras.com\/site\/?p=336275"},"modified":"2024-09-10T05:17:06","modified_gmt":"2024-09-10T08:17:06","slug":"julio-brigao-e-contido-pelo-pacificador-roberto","status":"publish","type":"post","link":"https:\/\/www.notibras.com\/site\/julio-brigao-e-contido-pelo-pacificador-roberto\/","title":{"rendered":"J\u00falio, brig\u00e3o, \u00e9 contido pelo pacificador Roberto"},"content":{"rendered":"<p>Creio que todos possuem aquele amigo covarde, que prefere dar uma boiada para n\u00e3o entrar numa briga e, ao contr\u00e1rio daquela frase popular, tamb\u00e9m oferece outra boiada para sair de qualquer pendenga. Pois bem, no meu caso, o inimigo da coragem sou eu. Afinal, para que arrumar confus\u00e3o, se a vida sem hematomas \u00e9 t\u00e3o mais prazerosa?<\/p>\n<p>Meu amigo J\u00falio \u00e9 uma figura interessante. Ele, ao contr\u00e1rio de mim, \u00e9 metido com essas coisas de artes marciais, enquanto sou afeito a esportes mais l\u00fadicos como, por exemplo, adedanha. E, apesar dos gostos t\u00e3o discrepantes, somos amigos desde os remotos tempos de crian\u00e7a, quando brinc\u00e1vamos no balan\u00e7o ou na gangorra do parque no centro da quadra, na Asa Norte. Ali\u00e1s, a mesma quadra onde ainda residimos.<\/p>\n<p>Ap\u00f3s tantos anos de conv\u00edvio, o J\u00falio parece que n\u00e3o me conhece muito bem. \u00c9 que, na semana passada, aconteceu algo conosco. Quer dizer, o lance ocorreu com ele, enquanto eu fui apenas um mero expectador de mais uma insanidade do meu amigo. Pois bem, l\u00e1 est\u00e1vamos n\u00f3s dois no boteco do seu Aur\u00e9lio, aqui mesmo no bairro, quando o instinto de galo de briga do J\u00falio n\u00e3o se conteve dentro das penas.<\/p>\n<p>Dois trogloditas, desses que parecem que n\u00e3o saem da academia, ao passarem pela nossa mesa, deram aquela encarada. Para piorar a situa\u00e7\u00e3o, um dos caras ainda esbarrou, certamente sem querer, na cadeira do J\u00falio, que n\u00e3o gostou. Pra qu\u00ea? Ele quis porque quis tirar satisfa\u00e7\u00e3o com aqueles homens muito maiores do que a maioria de n\u00f3s, meros mortais.<\/p>\n<p>Tentei trazer algo que meu amigo parece desconhecer, que \u00e9 aquela dita cuja da raz\u00e3o. N\u00e3o adiantou, pois ele tentou me convencer a acompanh\u00e1-lo naquela contenda sem qualquer sentido.<\/p>\n<p>\u2014 Vamos l\u00e1, cara!<\/p>\n<p>\u2014 Pra qu\u00ea?<\/p>\n<p>\u2014 Vai deixar barato essa provoca\u00e7\u00e3o?<\/p>\n<p>\u2014 Olha que o barato pode sair caro.<\/p>\n<p>\u2014 Tu \u00e9 mesmo um frouxo, Roberto!<\/p>\n<p>\u2014 N\u00e3o sou frouxo, J\u00falio. Apenas tenho no\u00e7\u00e3o da for\u00e7a que n\u00e3o possuo.<\/p>\n<p><strong>*Eduardo Mart\u00ednez \u00e9 autor do livro \u201c57 Contos e Cr\u00f4nicas por um Autor muito Velho\u201d.<\/strong><\/p>\n<p>Compre aqui\u00a0<span class=\"x19la9d6 x1fc57z9 x6ikm8r x10wlt62 x19co3pv x1g5zs5t xfibh0p xiy17q3 x1xsqp64 x1lkfr7t xexx8yu x4uap5 x18d9i69 xkhd6sd\"><span class=\"xrtxmta x1bhl96m\"><img decoding=\"async\" class=\"emoji\" role=\"img\" draggable=\"false\" src=\"https:\/\/s.w.org\/images\/core\/emoji\/14.0.0\/svg\/1f447-1f3ff.svg\" alt=\"&#x1f447;&#x1f3ff;\" \/><\/span><\/span><span class=\"x19la9d6 x1fc57z9 x6ikm8r x10wlt62 x19co3pv x1g5zs5t xfibh0p xiy17q3 x1xsqp64 x1lkfr7t xexx8yu x4uap5 x18d9i69 xkhd6sd\"><span class=\"xrtxmta x1bhl96m\"><img decoding=\"async\" class=\"emoji\" role=\"img\" draggable=\"false\" src=\"https:\/\/s.w.org\/images\/core\/emoji\/14.0.0\/svg\/1f447-1f3ff.svg\" alt=\"&#x1f447;&#x1f3ff;\" \/><\/span><\/span><span class=\"x19la9d6 x1fc57z9 x6ikm8r x10wlt62 x19co3pv x1g5zs5t xfibh0p xiy17q3 x1xsqp64 x1lkfr7t xexx8yu x4uap5 x18d9i69 xkhd6sd\"><span class=\"xrtxmta x1bhl96m\"><img decoding=\"async\" class=\"emoji\" role=\"img\" draggable=\"false\" src=\"https:\/\/s.w.org\/images\/core\/emoji\/14.0.0\/svg\/1f447-1f3ff.svg\" alt=\"&#x1f447;&#x1f3ff;\" \/><\/span><\/span><\/p>\n<p><a href=\"http:\/\/www.joanineditora.com.br\/57-contos-e-cronicas-por-um-autor-muito-velho\">http:\/\/www.joanineditora.com.br\/57-contos-e-cronicas-por-um-autor-muito-velho<\/a><\/p>\n","protected":false},"excerpt":{"rendered":"<p>Creio que todos possuem aquele amigo covarde, que prefere dar uma boiada para n\u00e3o entrar numa briga e, ao contr\u00e1rio daquela frase popular, tamb\u00e9m oferece outra boiada para sair de qualquer pendenga. Pois bem, no meu caso, o inimigo da coragem sou eu. Afinal, para que arrumar confus\u00e3o, se a vida sem hematomas \u00e9 t\u00e3o [&hellip;]<\/p>\n","protected":false},"author":2,"featured_media":336276,"comment_status":"closed","ping_status":"closed","sticky":false,"template":"","format":"standard","meta":{"_acf_changed":false,"footnotes":""},"categories":[161],"tags":[],"class_list":["post-336275","post","type-post","status-publish","format-standard","has-post-thumbnail","hentry","category-quadradinho-em-foco"],"acf":[],"_links":{"self":[{"href":"https:\/\/www.notibras.com\/site\/wp-json\/wp\/v2\/posts\/336275","targetHints":{"allow":["GET"]}}],"collection":[{"href":"https:\/\/www.notibras.com\/site\/wp-json\/wp\/v2\/posts"}],"about":[{"href":"https:\/\/www.notibras.com\/site\/wp-json\/wp\/v2\/types\/post"}],"author":[{"embeddable":true,"href":"https:\/\/www.notibras.com\/site\/wp-json\/wp\/v2\/users\/2"}],"replies":[{"embeddable":true,"href":"https:\/\/www.notibras.com\/site\/wp-json\/wp\/v2\/comments?post=336275"}],"version-history":[{"count":1,"href":"https:\/\/www.notibras.com\/site\/wp-json\/wp\/v2\/posts\/336275\/revisions"}],"predecessor-version":[{"id":336277,"href":"https:\/\/www.notibras.com\/site\/wp-json\/wp\/v2\/posts\/336275\/revisions\/336277"}],"wp:featuredmedia":[{"embeddable":true,"href":"https:\/\/www.notibras.com\/site\/wp-json\/wp\/v2\/media\/336276"}],"wp:attachment":[{"href":"https:\/\/www.notibras.com\/site\/wp-json\/wp\/v2\/media?parent=336275"}],"wp:term":[{"taxonomy":"category","embeddable":true,"href":"https:\/\/www.notibras.com\/site\/wp-json\/wp\/v2\/categories?post=336275"},{"taxonomy":"post_tag","embeddable":true,"href":"https:\/\/www.notibras.com\/site\/wp-json\/wp\/v2\/tags?post=336275"}],"curies":[{"name":"wp","href":"https:\/\/api.w.org\/{rel}","templated":true}]}}