{"id":336281,"date":"2024-09-10T00:00:41","date_gmt":"2024-09-10T03:00:41","guid":{"rendered":"https:\/\/www.notibras.com\/site\/?p=336281"},"modified":"2024-09-10T05:50:42","modified_gmt":"2024-09-10T08:50:42","slug":"avenida-principal-passa-por-manutencao-para-aliviar-moradores","status":"publish","type":"post","link":"https:\/\/www.notibras.com\/site\/avenida-principal-passa-por-manutencao-para-aliviar-moradores\/","title":{"rendered":"Avenida principal passa por manuten\u00e7\u00e3o para aliviar moradores"},"content":{"rendered":"<p>Com o objetivo de reduzir a poeira e melhorar as condi\u00e7\u00f5es de trafegabilidade, a Companhia Urbanizadora da Nova Capital do Brasil (Novacap) realiza a manuten\u00e7\u00e3o da Avenida Principal do Assentamento 26 de Setembro. O servi\u00e7o come\u00e7ou na segunda quinzena de agosto e segue at\u00e9 o final deste m\u00eas, entre as Ruas 1 e 6.<\/p>\n<p>A obra, uma demanda da Administra\u00e7\u00e3o Regional de Vicente Pires, est\u00e1 sendo realizada pela Divis\u00e3o de Obras Diretas da Companhia. Mais de 6 mil toneladas de material fresado s\u00e3o usados para melhorar a trafegabilidade de 5 km de pista, totalizando uma \u00e1rea de 60.000 m\u00b2.<\/p>\n<p>\u201cTrata-se de um trabalho de extrema import\u00e2ncia, pois vai aumentar a seguran\u00e7a dos usu\u00e1rios da via, tanto dos motoristas quanto dos pedestres\u201d, destacou a chefe da Divis\u00e3o de Obras Diretas, Juliane Fortes.<\/p>\n<p>Desde a semana passada, com um investimento na ordem de R$ 58,8 milh\u00f5es, o Governo do Distrito Federal (GDF) prossegue com as obras na Avenida da Miseric\u00f3rdia, tamb\u00e9m em Vicente Pires, regi\u00e3o que faz parte do Lote 2, o \u00faltimo dos 11 previstos para receber servi\u00e7os de pavimenta\u00e7\u00e3o, meios-fios, cal\u00e7adas, drenagem e sinaliza\u00e7\u00e3o horizontal e vertical.<\/p>\n<p>As obras beneficiam cerca de 30 mil moradores, que poder\u00e3o usufruir de uma infraestrutura urbana completa na regi\u00e3o.<\/p>\n","protected":false},"excerpt":{"rendered":"<p>Com o objetivo de reduzir a poeira e melhorar as condi\u00e7\u00f5es de trafegabilidade, a Companhia Urbanizadora da Nova Capital do Brasil (Novacap) realiza a manuten\u00e7\u00e3o da Avenida Principal do Assentamento 26 de Setembro. O servi\u00e7o come\u00e7ou na segunda quinzena de agosto e segue at\u00e9 o final deste m\u00eas, entre as Ruas 1 e 6. A [&hellip;]<\/p>\n","protected":false},"author":2,"featured_media":336282,"comment_status":"closed","ping_status":"closed","sticky":false,"template":"","format":"standard","meta":{"_acf_changed":false,"footnotes":""},"categories":[161],"tags":[],"class_list":["post-336281","post","type-post","status-publish","format-standard","has-post-thumbnail","hentry","category-quadradinho-em-foco"],"acf":[],"_links":{"self":[{"href":"https:\/\/www.notibras.com\/site\/wp-json\/wp\/v2\/posts\/336281","targetHints":{"allow":["GET"]}}],"collection":[{"href":"https:\/\/www.notibras.com\/site\/wp-json\/wp\/v2\/posts"}],"about":[{"href":"https:\/\/www.notibras.com\/site\/wp-json\/wp\/v2\/types\/post"}],"author":[{"embeddable":true,"href":"https:\/\/www.notibras.com\/site\/wp-json\/wp\/v2\/users\/2"}],"replies":[{"embeddable":true,"href":"https:\/\/www.notibras.com\/site\/wp-json\/wp\/v2\/comments?post=336281"}],"version-history":[{"count":1,"href":"https:\/\/www.notibras.com\/site\/wp-json\/wp\/v2\/posts\/336281\/revisions"}],"predecessor-version":[{"id":336283,"href":"https:\/\/www.notibras.com\/site\/wp-json\/wp\/v2\/posts\/336281\/revisions\/336283"}],"wp:featuredmedia":[{"embeddable":true,"href":"https:\/\/www.notibras.com\/site\/wp-json\/wp\/v2\/media\/336282"}],"wp:attachment":[{"href":"https:\/\/www.notibras.com\/site\/wp-json\/wp\/v2\/media?parent=336281"}],"wp:term":[{"taxonomy":"category","embeddable":true,"href":"https:\/\/www.notibras.com\/site\/wp-json\/wp\/v2\/categories?post=336281"},{"taxonomy":"post_tag","embeddable":true,"href":"https:\/\/www.notibras.com\/site\/wp-json\/wp\/v2\/tags?post=336281"}],"curies":[{"name":"wp","href":"https:\/\/api.w.org\/{rel}","templated":true}]}}