{"id":336284,"date":"2024-09-10T00:00:59","date_gmt":"2024-09-10T03:00:59","guid":{"rendered":"https:\/\/www.notibras.com\/site\/?p=336284"},"modified":"2024-09-10T05:55:23","modified_gmt":"2024-09-10T08:55:23","slug":"recapeamento-asfaltico-melhora-infraestrutura-das-vias-de-taguatinga","status":"publish","type":"post","link":"https:\/\/www.notibras.com\/site\/recapeamento-asfaltico-melhora-infraestrutura-das-vias-de-taguatinga\/","title":{"rendered":"Recapeamento asf\u00e1ltico melhora infraestrutura das vias de Taguatinga"},"content":{"rendered":"<p>A Divis\u00e3o de Obras Diretas da Companhia Urbanizadora da Nova Capital do Brasil (Novacap) concluiu na semana passada o recapeamento asf\u00e1ltico com fresagem nas Quadras QNL 11 e QNJ 40, e na via da Feira Permanente de Taguatinga.<\/p>\n<p>Iniciada em 27 de abril e finalizada em 4 de setembro de 2024, a obra utilizou 1,5 tonelada de concreto betuminoso usinado a quente (CBUQ) e abrangeu uma extens\u00e3o de 2 km, totalizando 14.000 m\u00b2.<\/p>\n<p>Antes do recapeamento, a estrada estava bastante deteriorada e necessitava urgentemente de interven\u00e7\u00f5es para garantir a seguran\u00e7a de quem a utiliza.<\/p>\n<p>\u201cEssa era uma demanda antiga dos moradores e trabalhadores locais. Aproveitamos esse per\u00edodo de seca para dar celeridade e concluir o trabalho\u201d, ressaltou a chefe da Divis\u00e3o de Obras Diretas de Pavimenta\u00e7\u00e3o Asf\u00e1ltica da Novacap, a engenheira Juliane Fortes.<\/p>\n<p>No m\u00eas passado, a Novacap iniciou a recupera\u00e7\u00e3o asf\u00e1ltica nas quadras da QNL 2 a QNL 12, em Taguatinga Norte. Cerca de 35 toneladas de massa asf\u00e1ltica ser\u00e3o usadas. A a\u00e7\u00e3o supre a deteriora\u00e7\u00e3o das vias e responde a solicita\u00e7\u00f5es da comunidade por melhorias na infraestrutura local.<\/p>\n<p>A manuten\u00e7\u00e3o surgiu a partir de um pedido de uma moradora da QNL 12 via Ouvidoria, pelo disque 162. Ela destacou a urg\u00eancia em fechar buracos e corrigir remendos nas ruas. Ap\u00f3s uma vistoria t\u00e9cnica, verificou-se a necessidade de interven\u00e7\u00f5es para garantir a seguran\u00e7a de motoristas e pedestres.<\/p>\n","protected":false},"excerpt":{"rendered":"<p>A Divis\u00e3o de Obras Diretas da Companhia Urbanizadora da Nova Capital do Brasil (Novacap) concluiu na semana passada o recapeamento asf\u00e1ltico com fresagem nas Quadras QNL 11 e QNJ 40, e na via da Feira Permanente de Taguatinga. Iniciada em 27 de abril e finalizada em 4 de setembro de 2024, a obra utilizou 1,5 [&hellip;]<\/p>\n","protected":false},"author":2,"featured_media":336285,"comment_status":"closed","ping_status":"closed","sticky":false,"template":"","format":"standard","meta":{"_acf_changed":false,"footnotes":""},"categories":[161],"tags":[],"class_list":["post-336284","post","type-post","status-publish","format-standard","has-post-thumbnail","hentry","category-quadradinho-em-foco"],"acf":[],"_links":{"self":[{"href":"https:\/\/www.notibras.com\/site\/wp-json\/wp\/v2\/posts\/336284","targetHints":{"allow":["GET"]}}],"collection":[{"href":"https:\/\/www.notibras.com\/site\/wp-json\/wp\/v2\/posts"}],"about":[{"href":"https:\/\/www.notibras.com\/site\/wp-json\/wp\/v2\/types\/post"}],"author":[{"embeddable":true,"href":"https:\/\/www.notibras.com\/site\/wp-json\/wp\/v2\/users\/2"}],"replies":[{"embeddable":true,"href":"https:\/\/www.notibras.com\/site\/wp-json\/wp\/v2\/comments?post=336284"}],"version-history":[{"count":1,"href":"https:\/\/www.notibras.com\/site\/wp-json\/wp\/v2\/posts\/336284\/revisions"}],"predecessor-version":[{"id":336286,"href":"https:\/\/www.notibras.com\/site\/wp-json\/wp\/v2\/posts\/336284\/revisions\/336286"}],"wp:featuredmedia":[{"embeddable":true,"href":"https:\/\/www.notibras.com\/site\/wp-json\/wp\/v2\/media\/336285"}],"wp:attachment":[{"href":"https:\/\/www.notibras.com\/site\/wp-json\/wp\/v2\/media?parent=336284"}],"wp:term":[{"taxonomy":"category","embeddable":true,"href":"https:\/\/www.notibras.com\/site\/wp-json\/wp\/v2\/categories?post=336284"},{"taxonomy":"post_tag","embeddable":true,"href":"https:\/\/www.notibras.com\/site\/wp-json\/wp\/v2\/tags?post=336284"}],"curies":[{"name":"wp","href":"https:\/\/api.w.org\/{rel}","templated":true}]}}