{"id":336322,"date":"2024-09-12T08:35:20","date_gmt":"2024-09-12T11:35:20","guid":{"rendered":"https:\/\/www.notibras.com\/site\/?p=336322"},"modified":"2024-09-12T08:38:04","modified_gmt":"2024-09-12T11:38:04","slug":"lourdes-maria-impaciente-se-coca-ao-ouvir-muitas-razoes-do-seu-pobrema","status":"publish","type":"post","link":"https:\/\/www.notibras.com\/site\/lourdes-maria-impaciente-se-coca-ao-ouvir-muitas-razoes-do-seu-pobrema\/","title":{"rendered":"Lourdes Maria, impaciente, se co\u00e7a ao ouvir muitas raz\u00f5es do seu &#8216;pobrema&#8217;"},"content":{"rendered":"<p>N\u00e3o que fosse t\u00e3o chato. Bem, a palavra adequada n\u00e3o \u00e9 essa, assim como tamb\u00e9m n\u00e3o seria cricri. Talvez, usando a vastid\u00e3o do vern\u00e1culo, cheio de dedos seja o que temos para os paladares mais requintados ou, ent\u00e3o, o corriqueiro arroz e feij\u00e3o.<\/p>\n<p>Lourdes Maria, mulher de fam\u00edlia tradicional. Melhor! Era tamb\u00e9m abastada e poliglota e, talvez por conta de tantos predicativos, n\u00e3o possu\u00eda muita paci\u00eancia com essa gente sem tempo para os livros. E n\u00e3o era sua culpa se a pobreza atingisse esse povo. Seja como for, vez ou outra, a madame se deparava com um desses habitantes sem classe, como aconteceu por esses dias, justamente na quitanda do seu Gomes, numa cidade do Entorno de Bras\u00edlia..<\/p>\n<p>\u2014 Sabe qual \u00e9 o seu pobrema?<\/p>\n<p>\u2014 Problema, meu amigo!<\/p>\n<p>\u2014 U\u00e9, j\u00e1 tamo assim de amizade?<\/p>\n<p>\u2014 Prossiga, que meu dia \u00e9 longo.<\/p>\n<p>\u2014 Num sabia que dia de rico tinha mais que 24 horas.<\/p>\n<p>\u2014 Milh\u00f5es de compromissos. N\u00e3o posso perder meu tempo com tolices. Vou-me, antes que a agress\u00e3o v\u00e1 al\u00e9m do acinte contra o dicion\u00e1rio.<\/p>\n<p>\u2014 Dona Lourdes Maria, pelo visto, a senhora n\u00e3o t\u00e1 perparada pra vida.<\/p>\n<p>\u2014 Hum, pois, sim! Eu \u00e9 que n\u00e3o estou pre-pa-ra-da? Pois me parece que \u00e9 justamente o senhor o desprevenido.<\/p>\n<p>\u2014 Como mam\u00e3e sempre dizeu l\u00e1 em casa, a vida \u00e9 uma sopa, mas tem gente que s\u00f3 sabe usar galfo. E se ela dizeu isso, eu tamb\u00e9m dizo e tenho dizido!<\/p>\n<p><strong>*Eduardo Mart\u00ednez \u00e9 autor do livro \u201c57 Contos e Cr\u00f4nicas por um Autor muito Velho\u201d.<\/strong><\/p>\n<p>Compre aqui\u00a0<span class=\"x19la9d6 x1fc57z9 x6ikm8r x10wlt62 x19co3pv x1g5zs5t xfibh0p xiy17q3 x1xsqp64 x1lkfr7t xexx8yu x4uap5 x18d9i69 xkhd6sd\"><span class=\"xrtxmta x1bhl96m\"><img decoding=\"async\" class=\"emoji\" role=\"img\" draggable=\"false\" src=\"https:\/\/s.w.org\/images\/core\/emoji\/14.0.0\/svg\/1f447-1f3ff.svg\" alt=\"&#x1f447;&#x1f3ff;\" \/><\/span><\/span><span class=\"x19la9d6 x1fc57z9 x6ikm8r x10wlt62 x19co3pv x1g5zs5t xfibh0p xiy17q3 x1xsqp64 x1lkfr7t xexx8yu x4uap5 x18d9i69 xkhd6sd\"><span class=\"xrtxmta x1bhl96m\"><img decoding=\"async\" class=\"emoji\" role=\"img\" draggable=\"false\" src=\"https:\/\/s.w.org\/images\/core\/emoji\/14.0.0\/svg\/1f447-1f3ff.svg\" alt=\"&#x1f447;&#x1f3ff;\" \/><\/span><\/span><span class=\"x19la9d6 x1fc57z9 x6ikm8r x10wlt62 x19co3pv x1g5zs5t xfibh0p xiy17q3 x1xsqp64 x1lkfr7t xexx8yu x4uap5 x18d9i69 xkhd6sd\"><span class=\"xrtxmta x1bhl96m\"><img decoding=\"async\" class=\"emoji\" role=\"img\" draggable=\"false\" src=\"https:\/\/s.w.org\/images\/core\/emoji\/14.0.0\/svg\/1f447-1f3ff.svg\" alt=\"&#x1f447;&#x1f3ff;\" \/><\/span><\/span><\/p>\n<p><a href=\"http:\/\/www.joanineditora.com.br\/57-contos-e-cronicas-por-um-autor-muito-velho\">http:\/\/www.joanineditora.com.br\/57-contos-e-cronicas-por-um-autor-muito-velho<\/a><\/p>\n<div id=\"wpdevar_comment_4\"><\/div>\n","protected":false},"excerpt":{"rendered":"<p>N\u00e3o que fosse t\u00e3o chato. Bem, a palavra adequada n\u00e3o \u00e9 essa, assim como tamb\u00e9m n\u00e3o seria cricri. Talvez, usando a vastid\u00e3o do vern\u00e1culo, cheio de dedos seja o que temos para os paladares mais requintados ou, ent\u00e3o, o corriqueiro arroz e feij\u00e3o. Lourdes Maria, mulher de fam\u00edlia tradicional. Melhor! Era tamb\u00e9m abastada e poliglota [&hellip;]<\/p>\n","protected":false},"author":2,"featured_media":336323,"comment_status":"closed","ping_status":"closed","sticky":false,"template":"","format":"standard","meta":{"_acf_changed":false,"footnotes":""},"categories":[161],"tags":[],"class_list":["post-336322","post","type-post","status-publish","format-standard","has-post-thumbnail","hentry","category-quadradinho-em-foco"],"acf":[],"_links":{"self":[{"href":"https:\/\/www.notibras.com\/site\/wp-json\/wp\/v2\/posts\/336322","targetHints":{"allow":["GET"]}}],"collection":[{"href":"https:\/\/www.notibras.com\/site\/wp-json\/wp\/v2\/posts"}],"about":[{"href":"https:\/\/www.notibras.com\/site\/wp-json\/wp\/v2\/types\/post"}],"author":[{"embeddable":true,"href":"https:\/\/www.notibras.com\/site\/wp-json\/wp\/v2\/users\/2"}],"replies":[{"embeddable":true,"href":"https:\/\/www.notibras.com\/site\/wp-json\/wp\/v2\/comments?post=336322"}],"version-history":[{"count":4,"href":"https:\/\/www.notibras.com\/site\/wp-json\/wp\/v2\/posts\/336322\/revisions"}],"predecessor-version":[{"id":336327,"href":"https:\/\/www.notibras.com\/site\/wp-json\/wp\/v2\/posts\/336322\/revisions\/336327"}],"wp:featuredmedia":[{"embeddable":true,"href":"https:\/\/www.notibras.com\/site\/wp-json\/wp\/v2\/media\/336323"}],"wp:attachment":[{"href":"https:\/\/www.notibras.com\/site\/wp-json\/wp\/v2\/media?parent=336322"}],"wp:term":[{"taxonomy":"category","embeddable":true,"href":"https:\/\/www.notibras.com\/site\/wp-json\/wp\/v2\/categories?post=336322"},{"taxonomy":"post_tag","embeddable":true,"href":"https:\/\/www.notibras.com\/site\/wp-json\/wp\/v2\/tags?post=336322"}],"curies":[{"name":"wp","href":"https:\/\/api.w.org\/{rel}","templated":true}]}}