{"id":336335,"date":"2024-09-12T00:21:26","date_gmt":"2024-09-12T03:21:26","guid":{"rendered":"https:\/\/www.notibras.com\/site\/?p=336335"},"modified":"2024-09-12T09:22:59","modified_gmt":"2024-09-12T12:22:59","slug":"terraco-shopping-recebe-feira-etilico-gastronomica-experimenta","status":"publish","type":"post","link":"https:\/\/www.notibras.com\/site\/terraco-shopping-recebe-feira-etilico-gastronomica-experimenta\/","title":{"rendered":"Terra\u00e7o Shopping recebe feira et\u00edlico-gastron\u00f4mica \u201cExperimenta!\u201d"},"content":{"rendered":"<p>Ente os dias 12 a 15 de setembro, o Terra\u00e7o Shopping receber\u00e1 a feira \u201cExperimenta!\u201d, um mix de experi\u00eancias gastron\u00f4micas. Com a ideia de proporcionar misturas novas e bons momentos, a Pra\u00e7a Central do shopping ser\u00e1 tomada por diversos expositores de comidas e bebidas, acompanhadas por apresenta\u00e7\u00f5es culturais.<\/p>\n<p>Dentre as op\u00e7\u00f5es para os clientes saborearem estar\u00e3o as marcas David Lemberger de Caramelos Belgas, Guesti Brewing &amp; Co., Gyn e Cacha\u00e7a, Ed Beer, Kalango Caf\u00e9, Elixir Royale, Fine\u2019N\u2019Roll e muito mais.<\/p>\n<p>Na sexta-feira, 13 de setembro, \u00e0s 19h, a cantora Luciana Amaral se apresentar\u00e1 com uma fus\u00e3o de experi\u00eancias sensoriais proposta para a 1a edi\u00e7\u00e3o do \u201cExperimenta!\u201d. O repert\u00f3rio traz um mix de estilos como jazz, MPB, soul e pop, no show &#8220;Bem Bolado Musical\u201d. No palco, ela cantar\u00e1 acompanhada do guitarrista Charles Roberto e do percussionista Balu, ambos com larga trajet\u00f3ria nos palcos brasilienses.<\/p>\n<p>J\u00e1 no s\u00e1bado (14), \u00e0s 19h, ser\u00e1 a vez do m\u00fasico Marcelo Piu se apresentar no palco. O cantor e instrumentista, que est\u00e1 no cen\u00e1rio musical desde 1982 trabalhando tamb\u00e9m como produtor, arranjador musical, trar\u00e1 toda sua experi\u00eancia com um repert\u00f3rio de MPB.<\/p>\n<p><strong>Servi\u00e7o:<\/strong><br \/>\nExperimenta!<br \/>\nQuinta a s\u00e1bado (12 a 14\/09) &#8211; 16h \u00e0s 22h<br \/>\nDomingo (15\/09) &#8211; 14h \u00e0s 20h<br \/>\nNa Pra\u00e7a Central<br \/>\nPrograma\u00e7\u00e3o:<br \/>\nSexta-feira \u2013 12\/09<br \/>\n19h &#8211; Atra\u00e7\u00e3o musical: Luciana Amaral<br \/>\nS\u00e1bado \u2013 13\/09<br \/>\n19h \u2013 Atra\u00e7\u00e3o musical: Marcelo Piu<\/p>\n","protected":false},"excerpt":{"rendered":"<p>Ente os dias 12 a 15 de setembro, o Terra\u00e7o Shopping receber\u00e1 a feira \u201cExperimenta!\u201d, um mix de experi\u00eancias gastron\u00f4micas. Com a ideia de proporcionar misturas novas e bons momentos, a Pra\u00e7a Central do shopping ser\u00e1 tomada por diversos expositores de comidas e bebidas, acompanhadas por apresenta\u00e7\u00f5es culturais. Dentre as op\u00e7\u00f5es para os clientes saborearem [&hellip;]<\/p>\n","protected":false},"author":2,"featured_media":336336,"comment_status":"closed","ping_status":"closed","sticky":false,"template":"","format":"standard","meta":{"_acf_changed":false,"footnotes":""},"categories":[161],"tags":[],"class_list":["post-336335","post","type-post","status-publish","format-standard","has-post-thumbnail","hentry","category-quadradinho-em-foco"],"acf":[],"_links":{"self":[{"href":"https:\/\/www.notibras.com\/site\/wp-json\/wp\/v2\/posts\/336335","targetHints":{"allow":["GET"]}}],"collection":[{"href":"https:\/\/www.notibras.com\/site\/wp-json\/wp\/v2\/posts"}],"about":[{"href":"https:\/\/www.notibras.com\/site\/wp-json\/wp\/v2\/types\/post"}],"author":[{"embeddable":true,"href":"https:\/\/www.notibras.com\/site\/wp-json\/wp\/v2\/users\/2"}],"replies":[{"embeddable":true,"href":"https:\/\/www.notibras.com\/site\/wp-json\/wp\/v2\/comments?post=336335"}],"version-history":[{"count":1,"href":"https:\/\/www.notibras.com\/site\/wp-json\/wp\/v2\/posts\/336335\/revisions"}],"predecessor-version":[{"id":336337,"href":"https:\/\/www.notibras.com\/site\/wp-json\/wp\/v2\/posts\/336335\/revisions\/336337"}],"wp:featuredmedia":[{"embeddable":true,"href":"https:\/\/www.notibras.com\/site\/wp-json\/wp\/v2\/media\/336336"}],"wp:attachment":[{"href":"https:\/\/www.notibras.com\/site\/wp-json\/wp\/v2\/media?parent=336335"}],"wp:term":[{"taxonomy":"category","embeddable":true,"href":"https:\/\/www.notibras.com\/site\/wp-json\/wp\/v2\/categories?post=336335"},{"taxonomy":"post_tag","embeddable":true,"href":"https:\/\/www.notibras.com\/site\/wp-json\/wp\/v2\/tags?post=336335"}],"curies":[{"name":"wp","href":"https:\/\/api.w.org\/{rel}","templated":true}]}}