{"id":336341,"date":"2024-09-12T00:35:28","date_gmt":"2024-09-12T03:35:28","guid":{"rendered":"https:\/\/www.notibras.com\/site\/?p=336341"},"modified":"2024-09-12T09:43:00","modified_gmt":"2024-09-12T12:43:00","slug":"baixa-umidade-do-ar-acende-alerta-para-cuidados-com-a-saude","status":"publish","type":"post","link":"https:\/\/www.notibras.com\/site\/baixa-umidade-do-ar-acende-alerta-para-cuidados-com-a-saude\/","title":{"rendered":"Baixa umidade do ar acende alerta para cuidados com a sa\u00fade"},"content":{"rendered":"<p>O m\u00eas de setembro \u00e9 marcado em Bras\u00edlia pelo aumento da seca e a queda na umidade relativa do ar. Na primeira semana do m\u00eas, a cidade chegou a bater recorde hist\u00f3rico de menor umidade, chegando a 7%, de acordo com dados do Instituto Nacional de Meteorologia (Inmet).<\/p>\n<p>A Capital Federal ficou em alerta vermelho, o mais alto entre os disponibilizados pelo Inmet, que destaca que h\u00e1 grandes riscos de inc\u00eandios florestais e \u00e0 sa\u00fade. De acordo com a pneumologista do Hospital DF Star, da Rede D\u2019Or, Milena Danilow, a baixa umidade representa maior risco de doen\u00e7as respirat\u00f3rias, cut\u00e2neas e oculares, dentre outras.<\/p>\n<p>\u201cDevido \u00e0 perda de umidade das secre\u00e7\u00f5es que revestem as mucosas das vias a\u00e9reas, h\u00e1 diminui\u00e7\u00e3o da capacidade de defesa contra microrganismos, predispondo a infec\u00e7\u00f5es respirat\u00f3rias. A maior quantidade de poeira suspensa no ar \u00e9 um fator agravante e afeta principalmente os portadores de asma e rinite\u201d, explica a pneumologista.<\/p>\n<p>Para crian\u00e7as e idosos a situa\u00e7\u00e3o pode ser ainda mais preocupante. \u201cH\u00e1 um maior risco de desidrata\u00e7\u00e3o e maior chance de gravidade e complica\u00e7\u00e3o das infec\u00e7\u00f5es. Os idosos t\u00eam uma percep\u00e7\u00e3o diminu\u00edda da sede, tendendo naturalmente a ingerir menos l\u00edquidos, e as crian\u00e7as pequenas muitas vezes dependem de terceiros para uma boa hidrata\u00e7\u00e3o, o que tamb\u00e9m coloca esses grupos em maior risco de complica\u00e7\u00f5es\u201d, alerta Milena.<\/p>\n<p>Segundo o pediatra e coordenador de pediatria do Hospital Santa Helena, da Rede D\u2019Or, Thallys Ramalho, a pele mais fina de idosos e beb\u00eas colaboram para o aumento da perda insens\u00edvel de \u00e1gua, que acontece atrav\u00e9s da pele. \u201cMesmo quando desidratados, idosos e crian\u00e7as n\u00e3o costumam sentir sede para uma reposi\u00e7\u00e3o efetiva do d\u00e9ficit de \u00e1gua. Nessas faixas et\u00e1rias, a desidrata\u00e7\u00e3o pode ter consequ\u00eancias mais graves, como, por exemplo, insufici\u00eancia renal. Crian\u00e7as desidratadas apresentam irritabilidade, altera\u00e7\u00e3o do humor e principalmente diminui\u00e7\u00e3o da quantidade de urina. A redu\u00e7\u00e3o consider\u00e1vel da quantidade de urina, que em beb\u00eas pode ser percebida como diminui\u00e7\u00e3o da troca de fraldas, tamb\u00e9m \u00e9 um grande alerta para desidrata\u00e7\u00e3o\u201d, explica o pediatra.<\/p>\n<p>Outro grupo sob maior risco de complica\u00e7\u00f5es decorrentes do tempo seco \u00e9 o dos trabalhadores que atuam ao ar livre, como frentistas, garis e vendedores ambulantes. \u201cA exposi\u00e7\u00e3o ao vento e ao sol aumenta a perda de l\u00edquidos corporais e acentua a desidrata\u00e7\u00e3o. Essas pessoas devem redobrar o cuidado com a hidrata\u00e7\u00e3o, aumentando a ingest\u00e3o de \u00e1gua e sucos e, se poss\u00edvel, evitar esfor\u00e7os extenuantes durante o per\u00edodo mais quente do dia, que vai das 10h \u00e0s 16h\u201d, afirma a pneumologista Milena Danilow.<\/p>\n<p>A ingest\u00e3o de \u00e1gua, hidrata\u00e7\u00e3o da pele, uso de protetores solares, hidrata\u00e7\u00e3o das mucosas nasais e oculares com soro fisiol\u00f3gico, chap\u00e9us e roupas que garantam prote\u00e7\u00e3o da pele \u00e0 exposi\u00e7\u00e3o solar s\u00e3o algumas das alternativas de cuidados para a popula\u00e7\u00e3o em geral, neste per\u00edodo do ano.<\/p>\n","protected":false},"excerpt":{"rendered":"<p>O m\u00eas de setembro \u00e9 marcado em Bras\u00edlia pelo aumento da seca e a queda na umidade relativa do ar. Na primeira semana do m\u00eas, a cidade chegou a bater recorde hist\u00f3rico de menor umidade, chegando a 7%, de acordo com dados do Instituto Nacional de Meteorologia (Inmet). A Capital Federal ficou em alerta vermelho, [&hellip;]<\/p>\n","protected":false},"author":2,"featured_media":215710,"comment_status":"closed","ping_status":"closed","sticky":false,"template":"","format":"standard","meta":{"_acf_changed":false,"footnotes":""},"categories":[161],"tags":[],"class_list":["post-336341","post","type-post","status-publish","format-standard","has-post-thumbnail","hentry","category-quadradinho-em-foco"],"acf":[],"_links":{"self":[{"href":"https:\/\/www.notibras.com\/site\/wp-json\/wp\/v2\/posts\/336341","targetHints":{"allow":["GET"]}}],"collection":[{"href":"https:\/\/www.notibras.com\/site\/wp-json\/wp\/v2\/posts"}],"about":[{"href":"https:\/\/www.notibras.com\/site\/wp-json\/wp\/v2\/types\/post"}],"author":[{"embeddable":true,"href":"https:\/\/www.notibras.com\/site\/wp-json\/wp\/v2\/users\/2"}],"replies":[{"embeddable":true,"href":"https:\/\/www.notibras.com\/site\/wp-json\/wp\/v2\/comments?post=336341"}],"version-history":[{"count":1,"href":"https:\/\/www.notibras.com\/site\/wp-json\/wp\/v2\/posts\/336341\/revisions"}],"predecessor-version":[{"id":336342,"href":"https:\/\/www.notibras.com\/site\/wp-json\/wp\/v2\/posts\/336341\/revisions\/336342"}],"wp:featuredmedia":[{"embeddable":true,"href":"https:\/\/www.notibras.com\/site\/wp-json\/wp\/v2\/media\/215710"}],"wp:attachment":[{"href":"https:\/\/www.notibras.com\/site\/wp-json\/wp\/v2\/media?parent=336341"}],"wp:term":[{"taxonomy":"category","embeddable":true,"href":"https:\/\/www.notibras.com\/site\/wp-json\/wp\/v2\/categories?post=336341"},{"taxonomy":"post_tag","embeddable":true,"href":"https:\/\/www.notibras.com\/site\/wp-json\/wp\/v2\/tags?post=336341"}],"curies":[{"name":"wp","href":"https:\/\/api.w.org\/{rel}","templated":true}]}}