{"id":336343,"date":"2024-09-12T00:00:49","date_gmt":"2024-09-12T03:00:49","guid":{"rendered":"https:\/\/www.notibras.com\/site\/?p=336343"},"modified":"2024-09-12T09:51:51","modified_gmt":"2024-09-12T12:51:51","slug":"bem-qt-quis-comemora-aniversario-com-festa-e-pecas-autorais-customizadas","status":"publish","type":"post","link":"https:\/\/www.notibras.com\/site\/bem-qt-quis-comemora-aniversario-com-festa-e-pecas-autorais-customizadas\/","title":{"rendered":"Bem QT Quis comemora anivers\u00e1rio com festa e pe\u00e7as autorais customizadas"},"content":{"rendered":"<p>Para celebrar os oito anos desde a sua inaugura\u00e7\u00e3o, a loja Bem QT Quis promove uma festa, com feira, m\u00fasica, cerveja e o lan\u00e7amento da primeira cole\u00e7\u00e3o de pe\u00e7as autorais, customizadas pelo artista brasiliense Pedro Sangeon, o criador do Gurulino. O encontro \u00e9 neste s\u00e1bado (14), a partir das 14h, na CLN 216, Bloco B.<\/p>\n<p>A festa de anivers\u00e1rio vai contar com o som da DJ La Ursa. A feira, que vai ter expositores de acess\u00f3rios femininos, comida e cosm\u00e9ticos naturais, \u00e9 produzida pelo Mapas de Afeto.<\/p>\n<p>Morgana Franco, propriet\u00e1ria do neg\u00f3cio, conta que o lan\u00e7amento do trabalho autoral com o uso de pe\u00e7as de segunda m\u00e3o enriquece e fortalece o Bem QT Quis. \u201cA customiza\u00e7\u00e3o feita de maneira art\u00edstica, feita por um artista brasiliense, conversa muito com os nossos valores de apoio e valoriza\u00e7\u00e3o da cultura, assim como suporte ao que \u00e9 produzido localmente. Traz ainda um refor\u00e7o de identidade para nossa marca, no sentido de posicionamento, aliado \u00e0 est\u00e9tica visual e conceitual que acreditamos e compartilhamos\u201d, assinala Morgana.<\/p>\n<p>Pedro Sangeon conta que a customiza\u00e7\u00e3o feita por ele vai trazer para as pe\u00e7as um pouco do universo do trabalho dele em telas, murais e desenhos. \u201c Para al\u00e9m de ser um detalhe que vai dar uma incrementada naquela pe\u00e7a, \u00e9 uma pe\u00e7a que traz um trabalho de desenho ou de pintura que poderia estar em uma tela ou mural grande na rua. Existe um tanto de improviso e experimenta\u00e7\u00e3o nesse trabalho. Busquei materiais que pudessem me dar liberdade de fazer uma experimenta\u00e7\u00e3o direta, como um trabalho de arte mesmo\u201d, detalha o artista.<\/p>\n<p><strong>Bem QT Quis <\/strong><br \/>\nA sustentabilidade \u00e9 um dos principais pilares do Bem QT Quis, fundado em 2016, especializado na venda de roupas de segunda m\u00e3o. A loja tamb\u00e9m tem projeto de doa\u00e7\u00e3o das pe\u00e7as que n\u00e3o s\u00e3o vendidas, colaborando com iniciativas que utilizam essas roupas de forma ben\u00e9fica, gerando recursos financeiros ou proporcionando acesso a produtos de qualidade para aqueles que necessitam.<\/p>\n<p>\u201cO mercado de Brech\u00f3s segue em expans\u00e3o. Muita gente j\u00e1 o entende como o futuro do consumo, com menos excesso e descarte, com uma l\u00f3gica mais circular para o que \u00e9 consumido, al\u00e9m de ser uma alternativa de menor custo\u201d, destaca Morgana Franco.<\/p>\n<p><strong>Servi\u00e7o <\/strong><br \/>\nFesta de anivers\u00e1rio do Bem QT Quis<br \/>\nQuando: s\u00e1bado, 14 de setembro, das 14h \u00e0s 20h<br \/>\nLocal: CLN 216, Bloco B Loja 24<br \/>\nEntrada: gratuita<\/p>\n","protected":false},"excerpt":{"rendered":"<p>Para celebrar os oito anos desde a sua inaugura\u00e7\u00e3o, a loja Bem QT Quis promove uma festa, com feira, m\u00fasica, cerveja e o lan\u00e7amento da primeira cole\u00e7\u00e3o de pe\u00e7as autorais, customizadas pelo artista brasiliense Pedro Sangeon, o criador do Gurulino. O encontro \u00e9 neste s\u00e1bado (14), a partir das 14h, na CLN 216, Bloco B. [&hellip;]<\/p>\n","protected":false},"author":2,"featured_media":336344,"comment_status":"closed","ping_status":"closed","sticky":false,"template":"","format":"standard","meta":{"_acf_changed":false,"footnotes":""},"categories":[161],"tags":[],"class_list":["post-336343","post","type-post","status-publish","format-standard","has-post-thumbnail","hentry","category-quadradinho-em-foco"],"acf":[],"_links":{"self":[{"href":"https:\/\/www.notibras.com\/site\/wp-json\/wp\/v2\/posts\/336343","targetHints":{"allow":["GET"]}}],"collection":[{"href":"https:\/\/www.notibras.com\/site\/wp-json\/wp\/v2\/posts"}],"about":[{"href":"https:\/\/www.notibras.com\/site\/wp-json\/wp\/v2\/types\/post"}],"author":[{"embeddable":true,"href":"https:\/\/www.notibras.com\/site\/wp-json\/wp\/v2\/users\/2"}],"replies":[{"embeddable":true,"href":"https:\/\/www.notibras.com\/site\/wp-json\/wp\/v2\/comments?post=336343"}],"version-history":[{"count":1,"href":"https:\/\/www.notibras.com\/site\/wp-json\/wp\/v2\/posts\/336343\/revisions"}],"predecessor-version":[{"id":336345,"href":"https:\/\/www.notibras.com\/site\/wp-json\/wp\/v2\/posts\/336343\/revisions\/336345"}],"wp:featuredmedia":[{"embeddable":true,"href":"https:\/\/www.notibras.com\/site\/wp-json\/wp\/v2\/media\/336344"}],"wp:attachment":[{"href":"https:\/\/www.notibras.com\/site\/wp-json\/wp\/v2\/media?parent=336343"}],"wp:term":[{"taxonomy":"category","embeddable":true,"href":"https:\/\/www.notibras.com\/site\/wp-json\/wp\/v2\/categories?post=336343"},{"taxonomy":"post_tag","embeddable":true,"href":"https:\/\/www.notibras.com\/site\/wp-json\/wp\/v2\/tags?post=336343"}],"curies":[{"name":"wp","href":"https:\/\/api.w.org\/{rel}","templated":true}]}}