{"id":336355,"date":"2024-09-13T06:48:24","date_gmt":"2024-09-13T09:48:24","guid":{"rendered":"https:\/\/www.notibras.com\/site\/?p=336355"},"modified":"2024-09-13T06:51:33","modified_gmt":"2024-09-13T09:51:33","slug":"pernambuco-segue-uniao-e-cria-bolsa-familia-e-minha-casa","status":"publish","type":"post","link":"https:\/\/www.notibras.com\/site\/pernambuco-segue-uniao-e-cria-bolsa-familia-e-minha-casa\/","title":{"rendered":"Pernambuco segue Uni\u00e3o e cria Bolsa Fam\u00edlia e Minha Casa"},"content":{"rendered":"<p>Um velho pr\u00e9dio pertencente ao INSS localizado no centro do Recife vai passar por uma reforma para abrigar definitivamente as 120 fam\u00edlias que j\u00e1 ocupam o im\u00f3vel, de forma irregular. A solu\u00e7\u00e3o est\u00e1 vindo de um acordo entre o Governo de Pernambuco e o Minist\u00e9rio da Previd\u00eancia Social, que concordou em ceder o edif\u00edcio Segadas Viana para o &#8220;Morar Bem PE&#8221;, um programa social estadual inspirado no &#8220;Minha Casa, Minha Vida&#8221;, programa do governo federal que busca solucionar o programa de moradia para as popula\u00e7\u00f5es de baixa renda.<\/p>\n<p>Outro programa da governadora Raquel Lyra (PSDB) tamb\u00e9m tem inspira\u00e7\u00e3o no Bolsa Fam\u00edlia, o mais importante e duradouro programa social dos governos do PT a n\u00edvel nacional. Para o estado, a governadora tucana criou o &#8220;M\u00e3es de Pernambuco&#8221;, que refor\u00e7a em mais R$ 300,00 o or\u00e7amento de mulheres j\u00e1 beneficiadas pelo programa do governo federal. Integrado ao Bolsa Fam\u00edlia, esse programa j\u00e1 atende mais de 91 mil mulheres que estejam gestantes e que tenham filhos com at\u00e9 seis anos de idade.<\/p>\n<p>Na \u00faltima segunda-feira, o ministro da Previd\u00eancia Social, Carlos Lupi, esteve no Recife para assinar com a governadora Raquel Lyra o termo de doa\u00e7\u00e3o do edif\u00edcio Segadas Viana para o programa Morar Bem PE. &#8220;Iremos destinar o Edif\u00edcio Segadas Viana para moradia popular e contribuir com a requalifica\u00e7\u00e3o do Centro do Recife. No momento, 120 fam\u00edlias vivem no im\u00f3vel, e iremos transform\u00e1-lo para que elas possam ter condi\u00e7\u00e3o digna de moradia&#8221;, disse a governadora.<\/p>\n<p>Ela tamb\u00e9m revelou que negociou diretamente com o governo federal a transfer\u00eancia do im\u00f3vel para o governo estadual, confirmando uma parceria em diversos setores que vem construindo com o presidente Lula desde o in\u00edcio do seu mandato e que tem rendido muitos investimentos federais no estado. Lupi destacou essa parceria e lembrou que a doa\u00e7\u00e3o do pr\u00e9dio do INSS era uma antiga reivindica\u00e7\u00e3o de movimentos sociais em Pernambuco.<\/p>\n<p>Criado em mar\u00e7o do ano passado, o Programa Morar Bem PE tem por objetivo a recupera\u00e7\u00e3o de moradias de fam\u00edlias de baixa renda, com reforma dos im\u00f3veis com investimento de at\u00e9 R$ 18 mil em cada unidade. Uma equipe de engenheiros do programa realiza um levantamento das fam\u00edlias, das condi\u00e7\u00f5es e da melhoria necess\u00e1ria no im\u00f3vel. Esta semana foi iniciada a reforma de 161 casas no bairro de Peixinhos, em Olinda, devendo, ainda este ano, alcan\u00e7ar a reforma de 600 moradias.<\/p>\n<p><strong>M\u00e3es de Pernambuco<\/strong><br \/>\nNeste m\u00eas de setembro, o &#8220;M\u00e3es de Pernambuco&#8221; est\u00e1 pagando a quinta mensalidade do programa a 91.385 mulheres gestantes e com filhos de at\u00e9 seis anos. Mesmo que j\u00e1 recebam o benef\u00edcio do Bolsa Fam\u00edlias, essas mulheres ganham um refor\u00e7o de R$ 300,00 em seu or\u00e7amento para as despesas da fam\u00edlia. Integrado ao Bolsa Fam\u00edlia, o programa inscreve as m\u00e3es automaticamente, desde que inscritas no Cad\u00danico e comprovem os requisitos para receberem o benef\u00edcio.<\/p>\n<p>No in\u00edcio do programa, em maio, eram 72.461 mulheres cadastradas. Esse n\u00famero foi crescendo a cada m\u00eas, sendo 81.876 em junho, 85.669 em julho e 89.999 em agosto, at\u00e9 atingir o n\u00famero atual de 91.385 mulheres beneficiadas. O crescimento a cada m\u00eas ocorre pelo aumento do n\u00famero de gestantes j\u00e1 benefici\u00e1rias do Bolsa Fam\u00edlia e residentes em Pernambuco. O saque \u00e9 feito de forma simples, bastando a benefici\u00e1ria se apresentar em uma ag\u00eancia da Caixa Econ\u00f4mica Federal e se identificar para receber o benef\u00edcio.<\/p>\n","protected":false},"excerpt":{"rendered":"<p>Um velho pr\u00e9dio pertencente ao INSS localizado no centro do Recife vai passar por uma reforma para abrigar definitivamente as 120 fam\u00edlias que j\u00e1 ocupam o im\u00f3vel, de forma irregular. A solu\u00e7\u00e3o est\u00e1 vindo de um acordo entre o Governo de Pernambuco e o Minist\u00e9rio da Previd\u00eancia Social, que concordou em ceder o edif\u00edcio Segadas [&hellip;]<\/p>\n","protected":false},"author":2,"featured_media":336356,"comment_status":"closed","ping_status":"closed","sticky":false,"template":"","format":"standard","meta":{"_acf_changed":false,"footnotes":""},"categories":[165],"tags":[],"class_list":["post-336355","post","type-post","status-publish","format-standard","has-post-thumbnail","hentry","category-nordeste"],"acf":[],"_links":{"self":[{"href":"https:\/\/www.notibras.com\/site\/wp-json\/wp\/v2\/posts\/336355","targetHints":{"allow":["GET"]}}],"collection":[{"href":"https:\/\/www.notibras.com\/site\/wp-json\/wp\/v2\/posts"}],"about":[{"href":"https:\/\/www.notibras.com\/site\/wp-json\/wp\/v2\/types\/post"}],"author":[{"embeddable":true,"href":"https:\/\/www.notibras.com\/site\/wp-json\/wp\/v2\/users\/2"}],"replies":[{"embeddable":true,"href":"https:\/\/www.notibras.com\/site\/wp-json\/wp\/v2\/comments?post=336355"}],"version-history":[{"count":2,"href":"https:\/\/www.notibras.com\/site\/wp-json\/wp\/v2\/posts\/336355\/revisions"}],"predecessor-version":[{"id":336358,"href":"https:\/\/www.notibras.com\/site\/wp-json\/wp\/v2\/posts\/336355\/revisions\/336358"}],"wp:featuredmedia":[{"embeddable":true,"href":"https:\/\/www.notibras.com\/site\/wp-json\/wp\/v2\/media\/336356"}],"wp:attachment":[{"href":"https:\/\/www.notibras.com\/site\/wp-json\/wp\/v2\/media?parent=336355"}],"wp:term":[{"taxonomy":"category","embeddable":true,"href":"https:\/\/www.notibras.com\/site\/wp-json\/wp\/v2\/categories?post=336355"},{"taxonomy":"post_tag","embeddable":true,"href":"https:\/\/www.notibras.com\/site\/wp-json\/wp\/v2\/tags?post=336355"}],"curies":[{"name":"wp","href":"https:\/\/api.w.org\/{rel}","templated":true}]}}