{"id":336362,"date":"2024-09-13T20:26:37","date_gmt":"2024-09-13T23:26:37","guid":{"rendered":"https:\/\/www.notibras.com\/site\/?p=336362"},"modified":"2024-09-14T08:53:04","modified_gmt":"2024-09-14T11:53:04","slug":"base-aerea-abre-os-portoes-para-festa-dos-brasilienses","status":"publish","type":"post","link":"https:\/\/www.notibras.com\/site\/base-aerea-abre-os-portoes-para-festa-dos-brasilienses\/","title":{"rendered":"Base A\u00e9rea abre os port\u00f5es para festa dos brasilienses"},"content":{"rendered":"<p>No domingo (15), a Base A\u00e9rea de Bras\u00edlia abre as portas para a sociedade durante o tradicional \u201cPort\u00f5es Abertos\u201d. Na edi\u00e7\u00e3o deste ano, o evento ser\u00e1 realizado das 8h \u00e0s 17h e contar\u00e1 com uma extensa programa\u00e7\u00e3o voltada para toda a fam\u00edlia, entre elas as apresenta\u00e7\u00f5es do Esquadr\u00e3o de Demonstra\u00e7\u00e3o A\u00e9rea (EDA), mais conhecido como Esquadrilha da Fuma\u00e7a. A entrada \u00e9 gratuita, no entanto, as pessoas podem contribuir com a doa\u00e7\u00e3o de 1 kg de alimento n\u00e3o perec\u00edvel que ser\u00e1 destinado a institui\u00e7\u00f5es sociais do Distrito Federal.<\/p>\n<p>A a\u00e7\u00e3o conta com atra\u00e7\u00f5es a\u00e9reas e terrestres ao longo de todo o dia, al\u00e9m de exposi\u00e7\u00f5es e pra\u00e7a de alimenta\u00e7\u00e3o. Os visitantes poder\u00e3o conhecer parte da frota de aeronaves da For\u00e7a A\u00e9rea Brasileira (FAB), como o F5 e o F-39 Gripen, bem como o E-99, o C99, o VC-99, o VH-35, o VH-36, o T-27, o IU50, o C-97, o C-95, o C-98, o C-105 e o KC-30, al\u00e9m de aeronaves civis. Ter\u00e3o, tamb\u00e9m, a oportunidade de conhecer a cabine e o compartimento de carga do KC-390 Millennium, o maior cargueiro multimiss\u00e3o da FAB.<\/p>\n<p>A expectativa \u00e9 de que o \u201cPort\u00f5es Abertos\u201d mantenha a tradi\u00e7\u00e3o anual de reunir milhares de pessoas da capital federal e entorno para um domingo de entretenimento. A atividade institucional, sem fins lucrativos, \u00e9 uma oportunidade para estreitar os la\u00e7os da sociedade brasiliense com a FAB.<\/p>\n","protected":false},"excerpt":{"rendered":"<p>No domingo (15), a Base A\u00e9rea de Bras\u00edlia abre as portas para a sociedade durante o tradicional \u201cPort\u00f5es Abertos\u201d. Na edi\u00e7\u00e3o deste ano, o evento ser\u00e1 realizado das 8h \u00e0s 17h e contar\u00e1 com uma extensa programa\u00e7\u00e3o voltada para toda a fam\u00edlia, entre elas as apresenta\u00e7\u00f5es do Esquadr\u00e3o de Demonstra\u00e7\u00e3o A\u00e9rea (EDA), mais conhecido como [&hellip;]<\/p>\n","protected":false},"author":2,"featured_media":312417,"comment_status":"closed","ping_status":"closed","sticky":false,"template":"","format":"standard","meta":{"_acf_changed":false,"footnotes":""},"categories":[161],"tags":[],"class_list":["post-336362","post","type-post","status-publish","format-standard","has-post-thumbnail","hentry","category-quadradinho-em-foco"],"acf":[],"_links":{"self":[{"href":"https:\/\/www.notibras.com\/site\/wp-json\/wp\/v2\/posts\/336362","targetHints":{"allow":["GET"]}}],"collection":[{"href":"https:\/\/www.notibras.com\/site\/wp-json\/wp\/v2\/posts"}],"about":[{"href":"https:\/\/www.notibras.com\/site\/wp-json\/wp\/v2\/types\/post"}],"author":[{"embeddable":true,"href":"https:\/\/www.notibras.com\/site\/wp-json\/wp\/v2\/users\/2"}],"replies":[{"embeddable":true,"href":"https:\/\/www.notibras.com\/site\/wp-json\/wp\/v2\/comments?post=336362"}],"version-history":[{"count":2,"href":"https:\/\/www.notibras.com\/site\/wp-json\/wp\/v2\/posts\/336362\/revisions"}],"predecessor-version":[{"id":336364,"href":"https:\/\/www.notibras.com\/site\/wp-json\/wp\/v2\/posts\/336362\/revisions\/336364"}],"wp:featuredmedia":[{"embeddable":true,"href":"https:\/\/www.notibras.com\/site\/wp-json\/wp\/v2\/media\/312417"}],"wp:attachment":[{"href":"https:\/\/www.notibras.com\/site\/wp-json\/wp\/v2\/media?parent=336362"}],"wp:term":[{"taxonomy":"category","embeddable":true,"href":"https:\/\/www.notibras.com\/site\/wp-json\/wp\/v2\/categories?post=336362"},{"taxonomy":"post_tag","embeddable":true,"href":"https:\/\/www.notibras.com\/site\/wp-json\/wp\/v2\/tags?post=336362"}],"curies":[{"name":"wp","href":"https:\/\/api.w.org\/{rel}","templated":true}]}}