{"id":336365,"date":"2024-09-13T00:09:01","date_gmt":"2024-09-13T03:09:01","guid":{"rendered":"https:\/\/www.notibras.com\/site\/?p=336365"},"modified":"2024-09-13T07:39:35","modified_gmt":"2024-09-13T10:39:35","slug":"festival-brasileiro-de-teatro-de-terreiro-vai-ate-domingo","status":"publish","type":"post","link":"https:\/\/www.notibras.com\/site\/festival-brasileiro-de-teatro-de-terreiro-vai-ate-domingo\/","title":{"rendered":"Festival Brasileiro de Teatro de Terreiro vai at\u00e9 domingo"},"content":{"rendered":"<p>Com o objetivo de discutir e difundir a cultura popular e os teatros de terreiro e de quintal, o Festival Brasileiro de Teatro de Terreiro est\u00e1 de volta, em sua quarta edi\u00e7\u00e3o, apresentando ao grande p\u00fablico toda a sua contemporaneidade, suas estruturas dram\u00e1ticas, seus s\u00edmbolos, seus atores-brincantes, suas t\u00e9cnicas hist\u00f3ricas e modernas, por meio de grupos que t\u00eam em suas bases essas manifesta\u00e7\u00f5es.<\/p>\n<p>As apresenta\u00e7\u00f5es e rodas de conversas come\u00e7aram no dia 9 e se estendem at\u00e9 o domingo, 15, no Centro Tradicional de Inven\u00e7\u00e3o Cultural, na 813 Sul, territ\u00f3rio cultural do Fu\u00e1 de Seu Estrelo e do Distrito Federal.<\/p>\n<p>Com entrada gratuita, a retirada dos ingressos para cada espet\u00e1culo ser\u00e1 disponibilizada sempre \u00e0s 12h (meio-dia), do dia anterior, pelo Sympla. O espa\u00e7o tem capacidade m\u00e1xima de cerca de 200 pessoas, sendo sujeito \u00e0 lota\u00e7\u00e3o. O Festival \u00e9 realizado com Fundo de Apoio \u00e0 Cultura (FAC\/DF) e incentivo da Secretaria de Estado de Cultura e Economia Criativa (Secec).<\/p>\n<p>Mestre Tico Magalh\u00e3es, idealizador do projeto, destaca que o festival busca o teatro brasileiro por meio de sua extensa linguagem oral, gestual e corporal, feito pelo povo, dentro de seus brinquedos. Busca que tamb\u00e9m inclui artistas e grupos que fazem sua arte em conson\u00e2ncia com o que a tradi\u00e7\u00e3o popular brasileira criou ao longo de sua imensa trajet\u00f3ria.<\/p>\n<p>&#8220;O Teatro de Terreiro \u00e9 um conceito que criamos com o objetivo de definir a nossa artesania teatral e essa forma popular de se fazer teatro. \u00c9 um teatro de encantaria, de quintal, feito para a comunidade e, por isso, t\u00e3o universal&#8221;, explica Magalh\u00e3es. &#8221; O Teatro de Terreiro n\u00e3o vislumbra o mercado cultural e n\u00e3o \u00e9 voltado ao entretenimento, mas ao conhecimento. Uma feitura de teatro artesanal, inventiva e n\u00e3o colonial&#8221;, sublinha Tico.<\/p>\n<p>O pernambucano Mestre Aguinaldo \u00e9 um dos artistas confirmados na programa\u00e7\u00e3o, apresentando o espet\u00e1culo A Flor de Cana. &#8220;\u00c9 um trabalho meu, uma vontade que eu tinha. De tanto virem pesquisar a cultura pernambucana, principalmente o Cavalo Marinho e o Maracatu, e as pessoas me convidarem para assistir o trabalho delas em cima dessas manifesta\u00e7\u00f5es, veio a ideia de montarmos o espet\u00e1culo, j\u00e1 que j\u00e1 t\u00ednhamos a faca e queijo na m\u00e3o&#8221;, conta o Mestre.<\/p>\n<p>Aguinaldo tem mais de 40 anos de brincadeira no Maracatu e no Cavalo Marinho. Desde os seus 12 anos faz da sua vida a sua arte, sempre mergulhado nas brincadeiras tradicionais do Brasil, sobretudo da Zona da Mata Norte de Pernambuco.<\/p>\n<p>Espiral Brinquedo Meu \u00e9 o primeiro trabalho solo do m\u00fasico, ator e dan\u00e7arino pernambucano Helder Vasconcelos, datado de 2004, ap\u00f3s 11 anos de atividades com o conceituado grupo musical Mestre Ambr\u00f3sio. &#8220;Meu trabalho aborda um universo de lugares e pessoas que eu conhe\u00e7o, seja uma pessoa espec\u00edfica ou um jeito de ser, principalmente das tradi\u00e7\u00f5es do Cavalo Marinho e Maracatu Rural, origin\u00e1rio da Zona da Mata Norte de Pernambuco. \u00c9 o mesmo espet\u00e1culo que fa\u00e7o h\u00e1 20 anos e \u00e9 uma alegria poder apresent\u00e1-lo em Bras\u00edlia e dentro da proposta do festival&#8221;, comemora Vasconcelos.<\/p>\n<p>O festival j\u00e1 trouxe \u00e0 capital federal 16 grupos vindos de cinco estados brasileiros, reunindo mais de 90 artistas, gerando um p\u00fablico de mais de 10.000 espectadores, nas tr\u00eas edi\u00e7\u00f5es que j\u00e1 ocorreram. Nomes consagrados como o multiartista Antonio N\u00f3brega (PE) e grupos de reconhecimento internacional como o Grupo Galp\u00e3o (MG) e o Grupo Lume (SP) passaram pelo Festival Brasileiro de Teatro de Terreiro.<\/p>\n","protected":false},"excerpt":{"rendered":"<p>Com o objetivo de discutir e difundir a cultura popular e os teatros de terreiro e de quintal, o Festival Brasileiro de Teatro de Terreiro est\u00e1 de volta, em sua quarta edi\u00e7\u00e3o, apresentando ao grande p\u00fablico toda a sua contemporaneidade, suas estruturas dram\u00e1ticas, seus s\u00edmbolos, seus atores-brincantes, suas t\u00e9cnicas hist\u00f3ricas e modernas, por meio de [&hellip;]<\/p>\n","protected":false},"author":2,"featured_media":336366,"comment_status":"closed","ping_status":"closed","sticky":false,"template":"","format":"standard","meta":{"_acf_changed":false,"footnotes":""},"categories":[161],"tags":[],"class_list":["post-336365","post","type-post","status-publish","format-standard","has-post-thumbnail","hentry","category-quadradinho-em-foco"],"acf":[],"_links":{"self":[{"href":"https:\/\/www.notibras.com\/site\/wp-json\/wp\/v2\/posts\/336365","targetHints":{"allow":["GET"]}}],"collection":[{"href":"https:\/\/www.notibras.com\/site\/wp-json\/wp\/v2\/posts"}],"about":[{"href":"https:\/\/www.notibras.com\/site\/wp-json\/wp\/v2\/types\/post"}],"author":[{"embeddable":true,"href":"https:\/\/www.notibras.com\/site\/wp-json\/wp\/v2\/users\/2"}],"replies":[{"embeddable":true,"href":"https:\/\/www.notibras.com\/site\/wp-json\/wp\/v2\/comments?post=336365"}],"version-history":[{"count":1,"href":"https:\/\/www.notibras.com\/site\/wp-json\/wp\/v2\/posts\/336365\/revisions"}],"predecessor-version":[{"id":336367,"href":"https:\/\/www.notibras.com\/site\/wp-json\/wp\/v2\/posts\/336365\/revisions\/336367"}],"wp:featuredmedia":[{"embeddable":true,"href":"https:\/\/www.notibras.com\/site\/wp-json\/wp\/v2\/media\/336366"}],"wp:attachment":[{"href":"https:\/\/www.notibras.com\/site\/wp-json\/wp\/v2\/media?parent=336365"}],"wp:term":[{"taxonomy":"category","embeddable":true,"href":"https:\/\/www.notibras.com\/site\/wp-json\/wp\/v2\/categories?post=336365"},{"taxonomy":"post_tag","embeddable":true,"href":"https:\/\/www.notibras.com\/site\/wp-json\/wp\/v2\/tags?post=336365"}],"curies":[{"name":"wp","href":"https:\/\/api.w.org\/{rel}","templated":true}]}}