{"id":336372,"date":"2024-09-13T08:01:14","date_gmt":"2024-09-13T11:01:14","guid":{"rendered":"https:\/\/www.notibras.com\/site\/?p=336372"},"modified":"2024-09-13T11:31:21","modified_gmt":"2024-09-13T14:31:21","slug":"isabel-realista-indica-que-estamos-fadados-a-morrer","status":"publish","type":"post","link":"https:\/\/www.notibras.com\/site\/isabel-realista-indica-que-estamos-fadados-a-morrer\/","title":{"rendered":"Isabel, realista, indica que estamos fadados a morrer"},"content":{"rendered":"<p>N\u00e3o preciso florear os meus long\u00ednquos tempos de menina, mas tamb\u00e9m n\u00e3o desejo expor todos os podres que presenciei ao longo dos anos que se seguiram. Que fiquem guardados em algum canto ou mesmo debaixo do tapete. E, caso a curiosidade se abata sobre algu\u00e9m, que v\u00e1 remexer por sua conta e risco o que todos fingimos ter esquecido. Afinal, as apar\u00eancias, n\u00e3o raro, se fazem providenciais em um mundo repleto de culpas.<\/p>\n<p>Papai nunca me falava isso \u00e9 errado ou certo. Ele gostava de contar hist\u00f3rias e, no final, deixava-nos tirar nossas pr\u00f3prias conclus\u00f5es. Juliano, meu irm\u00e3o, tagarelava ideias, enquanto eu preferia ir at\u00e9 o quintal de nossa casa, na regi\u00e3o do Grande Colorado, onde me deitava no ch\u00e3o ao p\u00e9 de uma fruteira imaginando coisas. De vez em quando, floreava, mas certas conjunturas me mostraram que a vida pode ser dura e, geralmente, \u00e9 o que temos.<\/p>\n<p>Com minha m\u00e3e, aprendi a degustar as amarguras da vida. Pode parecer estranho aos que imaginam que os momentos a serem lembrados devam ser os felizes. Discordo. Se fosse assim, o que ter\u00edamos para lembrar? A bicicleta que ganhamos no Natal? O primeiro beijo na boca? Prefiro recordar o dissabor do pote de sorvete carregado de l\u00e1grimas ap\u00f3s qualquer uma das tantas desilus\u00f5es amorosas.<\/p>\n<p>Juliano, assim como todos os homens que conhe\u00e7o, \u00e9 fraco. N\u00e3o consegue entender como \u00e9 que consigo enxergar o mundo de maneira t\u00e3o pessimista. Na verdade, meu pobre irm\u00e3o desconhece que as pessoas nunca est\u00e3o verdadeiramente felizes. Somos meros animais permanentemente insatisfeitos em busca de prazeres ef\u00eameros.<\/p>\n<p>\u2014 Isabel, por que voc\u00ea \u00e9 t\u00e3o pessimista?<\/p>\n<p>\u2014 Juliano, meu querido e amado irm\u00e3o, aprenda uma coisa.<\/p>\n<p>\u2014 O qu\u00ea, minha irm\u00e3?<\/p>\n<p>\u2014 Tirando o Elvis, todos n\u00f3s j\u00e1 nascemos fadados a morrer.<\/p>\n<p><strong>*Eduardo Mart\u00ednez \u00e9 autor do livro \u201c57 Contos e Cr\u00f4nicas por um Autor muito Velho\u201d.<\/strong><\/p>\n<p>Compre aqui\u00a0<span class=\"x19la9d6 x1fc57z9 x6ikm8r x10wlt62 x19co3pv x1g5zs5t xfibh0p xiy17q3 x1xsqp64 x1lkfr7t xexx8yu x4uap5 x18d9i69 xkhd6sd\"><span class=\"xrtxmta x1bhl96m\"><img decoding=\"async\" class=\"emoji\" role=\"img\" draggable=\"false\" src=\"https:\/\/s.w.org\/images\/core\/emoji\/14.0.0\/svg\/1f447-1f3ff.svg\" alt=\"&#x1f447;&#x1f3ff;\" \/><\/span><\/span><span class=\"x19la9d6 x1fc57z9 x6ikm8r x10wlt62 x19co3pv x1g5zs5t xfibh0p xiy17q3 x1xsqp64 x1lkfr7t xexx8yu x4uap5 x18d9i69 xkhd6sd\"><span class=\"xrtxmta x1bhl96m\"><img decoding=\"async\" class=\"emoji\" role=\"img\" draggable=\"false\" src=\"https:\/\/s.w.org\/images\/core\/emoji\/14.0.0\/svg\/1f447-1f3ff.svg\" alt=\"&#x1f447;&#x1f3ff;\" \/><\/span><\/span><span class=\"x19la9d6 x1fc57z9 x6ikm8r x10wlt62 x19co3pv x1g5zs5t xfibh0p xiy17q3 x1xsqp64 x1lkfr7t xexx8yu x4uap5 x18d9i69 xkhd6sd\"><span class=\"xrtxmta x1bhl96m\"><img decoding=\"async\" class=\"emoji\" role=\"img\" draggable=\"false\" src=\"https:\/\/s.w.org\/images\/core\/emoji\/14.0.0\/svg\/1f447-1f3ff.svg\" alt=\"&#x1f447;&#x1f3ff;\" \/><\/span><\/span><\/p>\n<p><a href=\"http:\/\/www.joanineditora.com.br\/57-contos-e-cronicas-por-um-autor-muito-velho\">http:\/\/www.joanineditora.com.br\/57-contos-e-cronicas-por-um-autor-muito-velho<\/a><\/p>\n","protected":false},"excerpt":{"rendered":"<p>N\u00e3o preciso florear os meus long\u00ednquos tempos de menina, mas tamb\u00e9m n\u00e3o desejo expor todos os podres que presenciei ao longo dos anos que se seguiram. Que fiquem guardados em algum canto ou mesmo debaixo do tapete. E, caso a curiosidade se abata sobre algu\u00e9m, que v\u00e1 remexer por sua conta e risco o que [&hellip;]<\/p>\n","protected":false},"author":2,"featured_media":336373,"comment_status":"closed","ping_status":"closed","sticky":false,"template":"","format":"standard","meta":{"_acf_changed":false,"footnotes":""},"categories":[161],"tags":[],"class_list":["post-336372","post","type-post","status-publish","format-standard","has-post-thumbnail","hentry","category-quadradinho-em-foco"],"acf":[],"_links":{"self":[{"href":"https:\/\/www.notibras.com\/site\/wp-json\/wp\/v2\/posts\/336372","targetHints":{"allow":["GET"]}}],"collection":[{"href":"https:\/\/www.notibras.com\/site\/wp-json\/wp\/v2\/posts"}],"about":[{"href":"https:\/\/www.notibras.com\/site\/wp-json\/wp\/v2\/types\/post"}],"author":[{"embeddable":true,"href":"https:\/\/www.notibras.com\/site\/wp-json\/wp\/v2\/users\/2"}],"replies":[{"embeddable":true,"href":"https:\/\/www.notibras.com\/site\/wp-json\/wp\/v2\/comments?post=336372"}],"version-history":[{"count":2,"href":"https:\/\/www.notibras.com\/site\/wp-json\/wp\/v2\/posts\/336372\/revisions"}],"predecessor-version":[{"id":336409,"href":"https:\/\/www.notibras.com\/site\/wp-json\/wp\/v2\/posts\/336372\/revisions\/336409"}],"wp:featuredmedia":[{"embeddable":true,"href":"https:\/\/www.notibras.com\/site\/wp-json\/wp\/v2\/media\/336373"}],"wp:attachment":[{"href":"https:\/\/www.notibras.com\/site\/wp-json\/wp\/v2\/media?parent=336372"}],"wp:term":[{"taxonomy":"category","embeddable":true,"href":"https:\/\/www.notibras.com\/site\/wp-json\/wp\/v2\/categories?post=336372"},{"taxonomy":"post_tag","embeddable":true,"href":"https:\/\/www.notibras.com\/site\/wp-json\/wp\/v2\/tags?post=336372"}],"curies":[{"name":"wp","href":"https:\/\/api.w.org\/{rel}","templated":true}]}}