{"id":336375,"date":"2024-09-13T00:01:10","date_gmt":"2024-09-13T03:01:10","guid":{"rendered":"https:\/\/www.notibras.com\/site\/?p=336375"},"modified":"2024-09-13T08:09:05","modified_gmt":"2024-09-13T11:09:05","slug":"obras-do-artista-chines-mzyellow-chegam-a-capital-federal","status":"publish","type":"post","link":"https:\/\/www.notibras.com\/site\/obras-do-artista-chines-mzyellow-chegam-a-capital-federal\/","title":{"rendered":"Obras do artista chin\u00eas Mzyellow chegam \u00e0 capital federal"},"content":{"rendered":"<p>J\u00e1 est\u00e1 aberta ao p\u00fablico, na Caixa Cultural, a exposi\u00e7\u00e3o internacional &#8220;Mzyellow: Uma Sinfonia em Quatro Movimentos&#8221;, que celebra os 50 anos das rela\u00e7\u00f5es diplom\u00e1ticas entre o Brasil e a China, comemorados em 2024. A mostra \u00e9 a primeira no campo das artes visuais no Centro-Oeste a exibir o selo verde de carbono free (carbono livre).<\/p>\n<p>O p\u00fablico vai poder apreciar uma cole\u00e7\u00e3o distinta, algumas em grande formato, criadas nos \u00faltimos 10 anos por um dos artistas mais din\u00e2micos e prol\u00edficos da atualidade. &#8220;Mzyellow pinta com gestos viscerais, criando imagens abstratas que dialogam com as tradi\u00e7\u00f5es milenares da caligrafia e da tinta sobre papel de arroz&#8221;, afirma Clay D\u00b4Paula, curador da exposi\u00e7\u00e3o.<\/p>\n<p>O artista come\u00e7ou a aprender caligrafia aos 8 anos de idade e a considera parte insepar\u00e1vel de sua vida. Por\u00e9m, Mz distancia-se do significado sem\u00e2ntico da escrita, enfatizando sua expressividade e explorando a materialidade de suportes art\u00edsticos.<\/p>\n<p>Para Clay D\u00b4Paula, especialista brasileiro em arte contempor\u00e2nea chinesa &#8211; tamb\u00e9m respons\u00e1vel pela exposi\u00e7\u00e3o na Caixa Cultural, a mostra re\u00fane interpreta\u00e7\u00f5es e impress\u00f5es visuais de Mzyell0w influenciadas pelas enormes transforma\u00e7\u00f5es em curso na China.<\/p>\n<p>&#8220;Nascido em 1957 e residente em Suzhou, cidade mais populosa da China localizada a uma hora de carro de Xangai, o artista acompanhou a guinada econ\u00f4mica global em seu pa\u00eds e sua obra foi impactada por ela&#8221;, considera. Mzyell0w ao mesmo tempo em que domina com maestria t\u00e9cnicas chinesas milenares, tamb\u00e9m faz uso de elementos ocidentais, como tinta acr\u00edlica, verniz, corantes e telas. Ele prop\u00f5e uma sobreposi\u00e7\u00e3o po\u00e9tica entre Oriente e Ocidente, convidando-nos a pensar sobre as conflu\u00eancias \u2013 e os embates \u2013 culturais entre civiliza\u00e7\u00f5es.<\/p>\n","protected":false},"excerpt":{"rendered":"<p>J\u00e1 est\u00e1 aberta ao p\u00fablico, na Caixa Cultural, a exposi\u00e7\u00e3o internacional &#8220;Mzyellow: Uma Sinfonia em Quatro Movimentos&#8221;, que celebra os 50 anos das rela\u00e7\u00f5es diplom\u00e1ticas entre o Brasil e a China, comemorados em 2024. A mostra \u00e9 a primeira no campo das artes visuais no Centro-Oeste a exibir o selo verde de carbono free (carbono [&hellip;]<\/p>\n","protected":false},"author":2,"featured_media":336376,"comment_status":"closed","ping_status":"closed","sticky":false,"template":"","format":"standard","meta":{"_acf_changed":false,"footnotes":""},"categories":[161],"tags":[],"class_list":["post-336375","post","type-post","status-publish","format-standard","has-post-thumbnail","hentry","category-quadradinho-em-foco"],"acf":[],"_links":{"self":[{"href":"https:\/\/www.notibras.com\/site\/wp-json\/wp\/v2\/posts\/336375","targetHints":{"allow":["GET"]}}],"collection":[{"href":"https:\/\/www.notibras.com\/site\/wp-json\/wp\/v2\/posts"}],"about":[{"href":"https:\/\/www.notibras.com\/site\/wp-json\/wp\/v2\/types\/post"}],"author":[{"embeddable":true,"href":"https:\/\/www.notibras.com\/site\/wp-json\/wp\/v2\/users\/2"}],"replies":[{"embeddable":true,"href":"https:\/\/www.notibras.com\/site\/wp-json\/wp\/v2\/comments?post=336375"}],"version-history":[{"count":1,"href":"https:\/\/www.notibras.com\/site\/wp-json\/wp\/v2\/posts\/336375\/revisions"}],"predecessor-version":[{"id":336377,"href":"https:\/\/www.notibras.com\/site\/wp-json\/wp\/v2\/posts\/336375\/revisions\/336377"}],"wp:featuredmedia":[{"embeddable":true,"href":"https:\/\/www.notibras.com\/site\/wp-json\/wp\/v2\/media\/336376"}],"wp:attachment":[{"href":"https:\/\/www.notibras.com\/site\/wp-json\/wp\/v2\/media?parent=336375"}],"wp:term":[{"taxonomy":"category","embeddable":true,"href":"https:\/\/www.notibras.com\/site\/wp-json\/wp\/v2\/categories?post=336375"},{"taxonomy":"post_tag","embeddable":true,"href":"https:\/\/www.notibras.com\/site\/wp-json\/wp\/v2\/tags?post=336375"}],"curies":[{"name":"wp","href":"https:\/\/api.w.org\/{rel}","templated":true}]}}