{"id":336378,"date":"2024-09-13T00:00:37","date_gmt":"2024-09-13T03:00:37","guid":{"rendered":"https:\/\/www.notibras.com\/site\/?p=336378"},"modified":"2024-09-13T08:14:49","modified_gmt":"2024-09-13T11:14:49","slug":"infogripe-aponta-que-a-covid-19-se-espalha-no-df-e-quatro-estados","status":"publish","type":"post","link":"https:\/\/www.notibras.com\/site\/infogripe-aponta-que-a-covid-19-se-espalha-no-df-e-quatro-estados\/","title":{"rendered":"InfoGripe aponta que a covid-19 se espalha no DF e quatro estados"},"content":{"rendered":"<p>O novo Boletim InfoGripe da Fiocruz divulgado nesta quinta-feira (12) aponta o aumento de casos de S\u00edndrome Respirat\u00f3ria Aguda Grave (SRAG) por covid-19 n\u00e3o apenas em Goi\u00e1s e S\u00e3o Paulo, como apontado na semana passada, mas tamb\u00e9m nos estados de Mato Grosso do Sul e Rio de Janeiro e no Distrito Federal.<\/p>\n<p>O estudo da Fiocruz observou ainda a manuten\u00e7\u00e3o do crescimento de casos de SRAG por rinov\u00edrus em muitos estados das regi\u00f5es Nordeste e Centro-Sul, e especialmente no estado do Amap\u00e1, onde chama a aten\u00e7\u00e3o que a maioria dessas ocorr\u00eancias graves por rinov\u00edrus est\u00e3o concentradas principalmente entre crian\u00e7as e adolescentes de at\u00e9 14 anos de idade.<\/p>\n<p>A pesquisadora do Programa de Computa\u00e7\u00e3o Cient\u00edfica da Fiocruz Tatiana Portella alerta que, devido \u00e0 alta movimenta\u00e7\u00e3o de pessoas entre o estado de S\u00e3o Paulo e outras regi\u00f5es do pa\u00eds, o aumento de casos de SRAG por covid-19 em S\u00e3o Paulo pode, nas pr\u00f3ximas semanas, continuar impulsionando a dissemina\u00e7\u00e3o e o crescimento dos casos do Sars-CoV-2 (Covid -19) em outros estados.<\/p>\n<p>Diante desse cen\u00e1rio, a pesquisadora refor\u00e7a a import\u00e2ncia de que todas as pessoas do grupo de risco &#8211; como idosos, crian\u00e7as e pessoas com comorbidades &#8211; estejam em dia com a vacina\u00e7\u00e3o contra a covid-19.<\/p>\n<p>&#8220;Nessa \u00e9poca do ano, come\u00e7am as campanhas de vacina\u00e7\u00e3o contra a influenza na Regi\u00e3o Norte. E \u00e9 muito importante que todas as pessoas eleg\u00edveis nos estados do Norte tamb\u00e9m estejam em dia com a vacina contra a influenza&#8221;, recomenda.<\/p>\n<p>Nas quatro \u00faltimas semanas epidemiol\u00f3gicas, a preval\u00eancia entre os casos positivos foi de 14,4% para influenza A; 3,2% para influenza B; 9% para v\u00edrus sincicial respirat\u00f3rio (VSR), 34,7% para rinov\u00edrus, e 32% para Sars-CoV-2 (Covid-19). Entre os \u00f3bitos, a preval\u00eancia entre os casos positivos foi de 25,4% para influenza A, 4,1% para influenza B, 3,7% para VSR, 9,8% para rinov\u00edrus e 50,2% para Sars-CoV-2 (Covid-19).<\/p>\n<p>&#8220;Com esse quadro preocupante, \u00e9 fundamental seguir recomenda\u00e7\u00f5es como uso de m\u00e1scara em locais fechados com maior aglomera\u00e7\u00e3o de pessoas e com menor circula\u00e7\u00e3o de ar, assim como dentro dos postos de sa\u00fade. Em caso de aparecimento dos sintomas, o recomendado \u00e9 ficar em isolamento em casa, se recuperando da infec\u00e7\u00e3o e, assim, evitando transmitir esse v\u00edrus para outras pessoas. Mas, se n\u00e3o for poss\u00edvel fazer isolamento, o recomendado \u00e9 sair de casa usando uma boa m\u00e1scara&#8221;, orienta a pesquisadora.<\/p>\n","protected":false},"excerpt":{"rendered":"<p>O novo Boletim InfoGripe da Fiocruz divulgado nesta quinta-feira (12) aponta o aumento de casos de S\u00edndrome Respirat\u00f3ria Aguda Grave (SRAG) por covid-19 n\u00e3o apenas em Goi\u00e1s e S\u00e3o Paulo, como apontado na semana passada, mas tamb\u00e9m nos estados de Mato Grosso do Sul e Rio de Janeiro e no Distrito Federal. O estudo da [&hellip;]<\/p>\n","protected":false},"author":2,"featured_media":336379,"comment_status":"closed","ping_status":"closed","sticky":false,"template":"","format":"standard","meta":{"_acf_changed":false,"footnotes":""},"categories":[161],"tags":[],"class_list":["post-336378","post","type-post","status-publish","format-standard","has-post-thumbnail","hentry","category-quadradinho-em-foco"],"acf":[],"_links":{"self":[{"href":"https:\/\/www.notibras.com\/site\/wp-json\/wp\/v2\/posts\/336378","targetHints":{"allow":["GET"]}}],"collection":[{"href":"https:\/\/www.notibras.com\/site\/wp-json\/wp\/v2\/posts"}],"about":[{"href":"https:\/\/www.notibras.com\/site\/wp-json\/wp\/v2\/types\/post"}],"author":[{"embeddable":true,"href":"https:\/\/www.notibras.com\/site\/wp-json\/wp\/v2\/users\/2"}],"replies":[{"embeddable":true,"href":"https:\/\/www.notibras.com\/site\/wp-json\/wp\/v2\/comments?post=336378"}],"version-history":[{"count":1,"href":"https:\/\/www.notibras.com\/site\/wp-json\/wp\/v2\/posts\/336378\/revisions"}],"predecessor-version":[{"id":336380,"href":"https:\/\/www.notibras.com\/site\/wp-json\/wp\/v2\/posts\/336378\/revisions\/336380"}],"wp:featuredmedia":[{"embeddable":true,"href":"https:\/\/www.notibras.com\/site\/wp-json\/wp\/v2\/media\/336379"}],"wp:attachment":[{"href":"https:\/\/www.notibras.com\/site\/wp-json\/wp\/v2\/media?parent=336378"}],"wp:term":[{"taxonomy":"category","embeddable":true,"href":"https:\/\/www.notibras.com\/site\/wp-json\/wp\/v2\/categories?post=336378"},{"taxonomy":"post_tag","embeddable":true,"href":"https:\/\/www.notibras.com\/site\/wp-json\/wp\/v2\/tags?post=336378"}],"curies":[{"name":"wp","href":"https:\/\/api.w.org\/{rel}","templated":true}]}}