{"id":336455,"date":"2024-09-14T00:00:33","date_gmt":"2024-09-14T03:00:33","guid":{"rendered":"https:\/\/www.notibras.com\/site\/?p=336455"},"modified":"2024-09-14T07:51:53","modified_gmt":"2024-09-14T10:51:53","slug":"setor-de-servicos-cresce-e-alivia-a-economia-do-nordeste","status":"publish","type":"post","link":"https:\/\/www.notibras.com\/site\/setor-de-servicos-cresce-e-alivia-a-economia-do-nordeste\/","title":{"rendered":"Setor de servi\u00e7os cresce e alivia a economia do Nordeste"},"content":{"rendered":"<p>Nos \u00faltimos meses, o setor de servi\u00e7os tem demonstrado um crescimento expressivo no Nordeste, ajudando a aliviar os impactos econ\u00f4micos sofridos pela regi\u00e3o em meio a desafios macroecon\u00f4micos enfrentados pelo Brasil. Dados recentes mostram que esse setor tem se destacado como um dos principais motores de recupera\u00e7\u00e3o econ\u00f4mica, com sua expans\u00e3o compensando as dificuldades enfrentadas por outros setores, como a ind\u00fastria e o com\u00e9rcio.<\/p>\n<p>O aumento da demanda por servi\u00e7os, especialmente nas \u00e1reas de turismo, tecnologia, educa\u00e7\u00e3o e sa\u00fade, impulsionou a gera\u00e7\u00e3o de empregos e estimulou a economia de cidades-chave da regi\u00e3o, como Fortaleza, Salvador e Recife. O turismo, em particular, tem sido um fator crucial para esse crescimento, com a reabertura gradual de atividades e o aumento de fluxo de turistas em destinos nordestinos.<\/p>\n<p>Empresas de tecnologia e inova\u00e7\u00e3o tamb\u00e9m contribu\u00edram significativamente, com a cria\u00e7\u00e3o de novos neg\u00f3cios e startups voltadas para solu\u00e7\u00f5es digitais, gerando empregos e atraindo investimentos para o Nordeste. Al\u00e9m disso, o setor educacional, com universidades e cursos t\u00e9cnicos, continuou a expandir, formando uma m\u00e3o-de-obra qualificada que fortalece a economia local.<\/p>\n<p><strong>Al\u00edvio Econ\u00f4mico<\/strong><br \/>\nEsse desempenho positivo do setor de servi\u00e7os tem proporcionado um al\u00edvio consider\u00e1vel para a economia regional, que ainda enfrenta problemas estruturais, como desemprego elevado e desigualdade social. Embora o setor industrial enfrente desafios como a falta de investimentos e infraestrutura limitada, o setor de servi\u00e7os tem compensado, sendo uma v\u00e1lvula de escape para a economia nordestina.<\/p>\n<p>A cria\u00e7\u00e3o de empregos formais e informais no setor de servi\u00e7os tem sido uma das principais raz\u00f5es por tr\u00e1s dessa melhoria econ\u00f4mica. O avan\u00e7o da digitaliza\u00e7\u00e3o e do e-commerce na regi\u00e3o tamb\u00e9m desempenhou um papel crucial, permitindo que pequenas e m\u00e9dias empresas expandissem seu alcance de mercado.<\/p>\n<p><strong>Perspectivas Futuras<\/strong><br \/>\nApesar do crescimento, o Nordeste ainda enfrenta desafios em manter esse ritmo de expans\u00e3o sustent\u00e1vel. A depend\u00eancia excessiva de setores como o turismo torna a economia vulner\u00e1vel a fatores externos, como crises globais e mudan\u00e7as clim\u00e1ticas. Investimentos em infraestrutura, qualifica\u00e7\u00e3o de m\u00e3o-de-obra e pol\u00edticas p\u00fablicas que incentivem a diversifica\u00e7\u00e3o econ\u00f4mica s\u00e3o essenciais para que a regi\u00e3o continue a crescer de maneira equilibrada.<\/p>\n<p>Por outro lado, as perspectivas de m\u00e9dio prazo s\u00e3o positivas, com o setor de servi\u00e7os sendo apontado como um dos pilares fundamentais para a recupera\u00e7\u00e3o econ\u00f4mica e a atra\u00e7\u00e3o de novos investimentos para o Nordeste.<\/p>\n<p>Para economistas ouvidos por Notibras, o setor de servi\u00e7os tem desempenhado um papel vital na recupera\u00e7\u00e3o econ\u00f4mica do Nordeste, aliviando os impactos econ\u00f4micos e sociais de uma regi\u00e3o historicamente marcada por desigualdades. Com o crescimento em \u00e1reas como turismo, tecnologia e educa\u00e7\u00e3o, o setor se consolida como uma esperan\u00e7a para um futuro mais pr\u00f3spero e diversificado. No entanto, \u00e9 necess\u00e1rio que se invista em pol\u00edticas de longo prazo para garantir que esse crescimento se mantenha s\u00f3lido e sustent\u00e1vel.<\/p>\n","protected":false},"excerpt":{"rendered":"<p>Nos \u00faltimos meses, o setor de servi\u00e7os tem demonstrado um crescimento expressivo no Nordeste, ajudando a aliviar os impactos econ\u00f4micos sofridos pela regi\u00e3o em meio a desafios macroecon\u00f4micos enfrentados pelo Brasil. Dados recentes mostram que esse setor tem se destacado como um dos principais motores de recupera\u00e7\u00e3o econ\u00f4mica, com sua expans\u00e3o compensando as dificuldades enfrentadas [&hellip;]<\/p>\n","protected":false},"author":2,"featured_media":206175,"comment_status":"closed","ping_status":"closed","sticky":false,"template":"","format":"standard","meta":{"_acf_changed":false,"footnotes":""},"categories":[165],"tags":[],"class_list":["post-336455","post","type-post","status-publish","format-standard","has-post-thumbnail","hentry","category-nordeste"],"acf":[],"_links":{"self":[{"href":"https:\/\/www.notibras.com\/site\/wp-json\/wp\/v2\/posts\/336455","targetHints":{"allow":["GET"]}}],"collection":[{"href":"https:\/\/www.notibras.com\/site\/wp-json\/wp\/v2\/posts"}],"about":[{"href":"https:\/\/www.notibras.com\/site\/wp-json\/wp\/v2\/types\/post"}],"author":[{"embeddable":true,"href":"https:\/\/www.notibras.com\/site\/wp-json\/wp\/v2\/users\/2"}],"replies":[{"embeddable":true,"href":"https:\/\/www.notibras.com\/site\/wp-json\/wp\/v2\/comments?post=336455"}],"version-history":[{"count":1,"href":"https:\/\/www.notibras.com\/site\/wp-json\/wp\/v2\/posts\/336455\/revisions"}],"predecessor-version":[{"id":336456,"href":"https:\/\/www.notibras.com\/site\/wp-json\/wp\/v2\/posts\/336455\/revisions\/336456"}],"wp:featuredmedia":[{"embeddable":true,"href":"https:\/\/www.notibras.com\/site\/wp-json\/wp\/v2\/media\/206175"}],"wp:attachment":[{"href":"https:\/\/www.notibras.com\/site\/wp-json\/wp\/v2\/media?parent=336455"}],"wp:term":[{"taxonomy":"category","embeddable":true,"href":"https:\/\/www.notibras.com\/site\/wp-json\/wp\/v2\/categories?post=336455"},{"taxonomy":"post_tag","embeddable":true,"href":"https:\/\/www.notibras.com\/site\/wp-json\/wp\/v2\/tags?post=336455"}],"curies":[{"name":"wp","href":"https:\/\/api.w.org\/{rel}","templated":true}]}}