{"id":336457,"date":"2024-09-14T00:00:51","date_gmt":"2024-09-14T03:00:51","guid":{"rendered":"https:\/\/www.notibras.com\/site\/?p=336457"},"modified":"2024-09-14T07:58:32","modified_gmt":"2024-09-14T10:58:32","slug":"preso-homem-acusado-de-atear-fogo-em-area-do-cerrado","status":"publish","type":"post","link":"https:\/\/www.notibras.com\/site\/preso-homem-acusado-de-atear-fogo-em-area-do-cerrado\/","title":{"rendered":"Preso homem acusado de atear fogo em \u00e1rea do Cerrado"},"content":{"rendered":"<p>Uma equipe da Pol\u00edcia Rodovi\u00e1ria Federal (PRF) prendeu em flagrante nesta sexta-feira (13) um homem acusado de atear fogo em uma \u00e1rea de mata nativa do Cerrado \u00e0s margens da BR-060, no Recanto das Emas. A pris\u00e3o ocorreu ap\u00f3s uma den\u00fancia.<\/p>\n<p>Um morador da comunidade relatou aos agentes que um homem tinha colocado fogo na \u00e1rea de mata. De acordo com o morador, o homem estava visivelmente alterado e amea\u00e7ou incendiar toda a comunidade pr\u00f3xima ao local.<\/p>\n<p>Aos policiais, o acusado confessou ter iniciado o inc\u00eandio na mata e afirmou que pretendia continuar com as queimadas. Ele foi preso e conduzido \u00e0 26\u00aa Delegacia de Pol\u00edcia Civil, em Samambaia.<\/p>\n<p>O inc\u00eandio foi controlado pelo Corpo de Bombeiros. A vegeta\u00e7\u00e3o atingida faz parte de uma \u00e1rea de Cerrado, bioma que est\u00e1 bastante afetado pelas recentes queimadas e a falta de chuva h\u00e1 mais de 100 dias.<\/p>\n","protected":false},"excerpt":{"rendered":"<p>Uma equipe da Pol\u00edcia Rodovi\u00e1ria Federal (PRF) prendeu em flagrante nesta sexta-feira (13) um homem acusado de atear fogo em uma \u00e1rea de mata nativa do Cerrado \u00e0s margens da BR-060, no Recanto das Emas. A pris\u00e3o ocorreu ap\u00f3s uma den\u00fancia. Um morador da comunidade relatou aos agentes que um homem tinha colocado fogo na [&hellip;]<\/p>\n","protected":false},"author":2,"featured_media":336458,"comment_status":"closed","ping_status":"closed","sticky":false,"template":"","format":"standard","meta":{"_acf_changed":false,"footnotes":""},"categories":[161],"tags":[],"class_list":["post-336457","post","type-post","status-publish","format-standard","has-post-thumbnail","hentry","category-quadradinho-em-foco"],"acf":[],"_links":{"self":[{"href":"https:\/\/www.notibras.com\/site\/wp-json\/wp\/v2\/posts\/336457","targetHints":{"allow":["GET"]}}],"collection":[{"href":"https:\/\/www.notibras.com\/site\/wp-json\/wp\/v2\/posts"}],"about":[{"href":"https:\/\/www.notibras.com\/site\/wp-json\/wp\/v2\/types\/post"}],"author":[{"embeddable":true,"href":"https:\/\/www.notibras.com\/site\/wp-json\/wp\/v2\/users\/2"}],"replies":[{"embeddable":true,"href":"https:\/\/www.notibras.com\/site\/wp-json\/wp\/v2\/comments?post=336457"}],"version-history":[{"count":1,"href":"https:\/\/www.notibras.com\/site\/wp-json\/wp\/v2\/posts\/336457\/revisions"}],"predecessor-version":[{"id":336459,"href":"https:\/\/www.notibras.com\/site\/wp-json\/wp\/v2\/posts\/336457\/revisions\/336459"}],"wp:featuredmedia":[{"embeddable":true,"href":"https:\/\/www.notibras.com\/site\/wp-json\/wp\/v2\/media\/336458"}],"wp:attachment":[{"href":"https:\/\/www.notibras.com\/site\/wp-json\/wp\/v2\/media?parent=336457"}],"wp:term":[{"taxonomy":"category","embeddable":true,"href":"https:\/\/www.notibras.com\/site\/wp-json\/wp\/v2\/categories?post=336457"},{"taxonomy":"post_tag","embeddable":true,"href":"https:\/\/www.notibras.com\/site\/wp-json\/wp\/v2\/tags?post=336457"}],"curies":[{"name":"wp","href":"https:\/\/api.w.org\/{rel}","templated":true}]}}