{"id":336463,"date":"2024-09-14T00:00:20","date_gmt":"2024-09-14T03:00:20","guid":{"rendered":"https:\/\/www.notibras.com\/site\/?p=336463"},"modified":"2024-09-14T08:35:17","modified_gmt":"2024-09-14T11:35:17","slug":"agentes-perseguem-e-prendem-ladrao-de-carros-em-ceilandia","status":"publish","type":"post","link":"https:\/\/www.notibras.com\/site\/agentes-perseguem-e-prendem-ladrao-de-carros-em-ceilandia\/","title":{"rendered":"Agentes perseguem e prendem ladr\u00e3o de carros em Ceil\u00e2ndia"},"content":{"rendered":"<p>Agentes da 15\u00aa DP deflagraram a Opera\u00e7\u00e3o Traccia e prenderam em flagrante delito um homem de 26 anos de idade pelos crimes de furto e roubo. A a\u00e7\u00e3o foi consequ\u00eancia de den\u00fancia de um senhor de 70 anos de idade de terseu ve\u00edculo roubado quando se preparava para sair de casa. A v\u00edtima ainda informou que, para subtrair seu ve\u00edculo, o autor utilizou uma chave de fenda para amea\u00e7\u00e1-lo.<\/p>\n<p>Durante o registro da ocorr\u00eancia policial, a v\u00edtima informou que seu carro possu\u00eda sistema de rastreamento, tendo os agentes de plant\u00e3o conseguido localizar o autom\u00f3vel transitando pelas ruas de Ceil\u00e2ndia.<\/p>\n<p>Os agentes de plant\u00e3o sa\u00edram ao encal\u00e7o do criminoso, flagrado na Via Leste de Ceil\u00e2ndia. Imediatamente os policiais deram ordem de parada. O criminoso desobedeceu o comando e tentou fugir.<\/p>\n<p>Os policiais passaram a uma persegui\u00e7\u00e3o durado cerca de 50 minutos. Na tentativa de fuga, o criminoso colidiu contra diversos autom\u00f3veis e objetos fixos, tendo parado seu autom\u00f3vel ap\u00f3s bater contra uma barra de ferro que havia em um beco.<\/p>\n<p>Ap\u00f3s tal colis\u00e3o, o autor tentou fugir a p\u00e9, tendo tentado ingressar em uma escola infantil, quando ent\u00e3o foi detido pelos agentes de plant\u00e3o.<\/p>\n<p>Em raz\u00e3o das colis\u00f5es causadas, o criminoso acabou se lesionando e foi socorrido ao hospital, onde passou por atendimento m\u00e9dico.<\/p>\n<p>Em seguida, foi ele conduzido para a 15\u00aa DP e, durante a formaliza\u00e7\u00e3o de sua pris\u00e3o foi constatado que, antes de roubar o ve\u00edculo da v\u00edtima, o autor havia subtra\u00eddo bens do interior de uma casa vizinha. Por tal motivo, ele foi autuado em flagrante pelos crimes de roubo e de furto. Somadas as penas de tais crimes podem superar os 20 anos de pris\u00e3o.<\/p>\n","protected":false},"excerpt":{"rendered":"<p>Agentes da 15\u00aa DP deflagraram a Opera\u00e7\u00e3o Traccia e prenderam em flagrante delito um homem de 26 anos de idade pelos crimes de furto e roubo. A a\u00e7\u00e3o foi consequ\u00eancia de den\u00fancia de um senhor de 70 anos de idade de terseu ve\u00edculo roubado quando se preparava para sair de casa. A v\u00edtima ainda informou [&hellip;]<\/p>\n","protected":false},"author":2,"featured_media":262965,"comment_status":"closed","ping_status":"closed","sticky":false,"template":"","format":"standard","meta":{"_acf_changed":false,"footnotes":""},"categories":[161],"tags":[],"class_list":["post-336463","post","type-post","status-publish","format-standard","has-post-thumbnail","hentry","category-quadradinho-em-foco"],"acf":[],"_links":{"self":[{"href":"https:\/\/www.notibras.com\/site\/wp-json\/wp\/v2\/posts\/336463","targetHints":{"allow":["GET"]}}],"collection":[{"href":"https:\/\/www.notibras.com\/site\/wp-json\/wp\/v2\/posts"}],"about":[{"href":"https:\/\/www.notibras.com\/site\/wp-json\/wp\/v2\/types\/post"}],"author":[{"embeddable":true,"href":"https:\/\/www.notibras.com\/site\/wp-json\/wp\/v2\/users\/2"}],"replies":[{"embeddable":true,"href":"https:\/\/www.notibras.com\/site\/wp-json\/wp\/v2\/comments?post=336463"}],"version-history":[{"count":1,"href":"https:\/\/www.notibras.com\/site\/wp-json\/wp\/v2\/posts\/336463\/revisions"}],"predecessor-version":[{"id":336464,"href":"https:\/\/www.notibras.com\/site\/wp-json\/wp\/v2\/posts\/336463\/revisions\/336464"}],"wp:featuredmedia":[{"embeddable":true,"href":"https:\/\/www.notibras.com\/site\/wp-json\/wp\/v2\/media\/262965"}],"wp:attachment":[{"href":"https:\/\/www.notibras.com\/site\/wp-json\/wp\/v2\/media?parent=336463"}],"wp:term":[{"taxonomy":"category","embeddable":true,"href":"https:\/\/www.notibras.com\/site\/wp-json\/wp\/v2\/categories?post=336463"},{"taxonomy":"post_tag","embeddable":true,"href":"https:\/\/www.notibras.com\/site\/wp-json\/wp\/v2\/tags?post=336463"}],"curies":[{"name":"wp","href":"https:\/\/api.w.org\/{rel}","templated":true}]}}